{"id":22827,"date":"2026-02-21T21:45:19","date_gmt":"2026-02-21T18:45:19","guid":{"rendered":"https:\/\/www.markacantalar.com\/?p=22827"},"modified":"2026-02-21T21:45:21","modified_gmt":"2026-02-21T18:45:21","slug":"gunluk-kullanim-icin-en-iyi-canta-hangisi","status":"publish","type":"post","link":"https:\/\/www.markacantalar.com\/index.php\/2026\/02\/21\/gunluk-kullanim-icin-en-iyi-canta-hangisi\/","title":{"rendered":"G\u00fcnl\u00fck Kullan\u0131m \u0130\u00e7in En \u0130yi \u00c7anta Hangisi?"},"content":{"rendered":"\n<p>G\u00fcnl\u00fck ya\u015fam temposu artt\u0131k\u00e7a kad\u0131nlar\u0131n ihtiya\u00e7 duydu\u011fu \u00e7anta modelleri de de\u011fi\u015fmektedir. \u0130\u015f hayat\u0131, sosyal ya\u015fam, al\u0131\u015fveri\u015f, seyahat ve g\u00fcnl\u00fck aktiviteler s\u0131ras\u0131nda hem konfor hem de \u015f\u0131kl\u0131k sunan \u00e7antalar \u00f6n plana \u00e7\u0131kmaktad\u0131r. Bu nedenle g\u00fcnl\u00fck kullan\u0131m i\u00e7in do\u011fru \u00e7anta se\u00e7imi, kad\u0131nlar i\u00e7in hem pratik hem de stil a\u00e7\u0131s\u0131ndan olduk\u00e7a \u00f6nemlidir.<\/p>\n\n\n\n<p>Bu yaz\u0131m\u0131zda g\u00fcnl\u00fck kullan\u0131m i\u00e7in en iyi \u00e7anta modellerini, se\u00e7im kriterlerini, trendleri ve stil \u00f6nerilerini detayl\u0131 \u015fekilde ele al\u0131yoruz.<\/p>\n\n\n\n<hr class=\"wp-block-separator has-alpha-channel-opacity\"\/>\n\n\n\n<h2 class=\"wp-block-heading\">G\u00fcnl\u00fck \u00c7anta Se\u00e7imi Neden \u00d6nemlidir?<\/h2>\n\n\n\n<p>G\u00fcnl\u00fck \u00e7anta, kad\u0131nlar\u0131n en s\u0131k kulland\u0131\u011f\u0131 aksesuarlar\u0131n ba\u015f\u0131nda gelir. Bu nedenle hem ergonomik hem de kaliteli olmas\u0131 gerekir. Yanl\u0131\u015f \u00e7anta se\u00e7imi omuz ve s\u0131rt a\u011fr\u0131lar\u0131na neden olabilirken, do\u011fru se\u00e7im g\u00fcnl\u00fck hayat\u0131 kolayla\u015ft\u0131r\u0131r.<\/p>\n\n\n\n<p>G\u00fcnl\u00fck \u00e7anta se\u00e7iminin \u00f6nemli olmas\u0131n\u0131n ba\u015fl\u0131ca nedenleri:<\/p>\n\n\n\n<ul class=\"wp-block-list\">\n<li>G\u00fcn boyu konfor sa\u011flamas\u0131<\/li>\n\n\n\n<li>Kombinlere uyum sa\u011flamas\u0131<\/li>\n\n\n\n<li>Uzun s\u00fcre dayan\u0131kl\u0131 olmas\u0131<\/li>\n\n\n\n<li>Fonksiyonel olmas\u0131<\/li>\n\n\n\n<li>E\u015fyalar\u0131n d\u00fczenli ta\u015f\u0131nabilmesi<\/li>\n<\/ul>\n\n\n\n<hr class=\"wp-block-separator has-alpha-channel-opacity\"\/>\n\n\n\n<h2 class=\"wp-block-heading\">G\u00fcnl\u00fck Kullan\u0131m \u0130\u00e7in \u00c7anta Se\u00e7erken Nelere Dikkat Edilmeli?<\/h2>\n\n\n\n<h3 class=\"wp-block-heading\">1. Konfor ve Ergonomi<\/h3>\n\n\n\n<p>G\u00fcnl\u00fck \u00e7anta uzun s\u00fcre ta\u015f\u0131nd\u0131\u011f\u0131 i\u00e7in hafif ve rahat olmal\u0131d\u0131r. \u00d6zellikle ayarlanabilir ask\u0131lar b\u00fcy\u00fck avantaj sa\u011flar.<\/p>\n\n\n\n<h3 class=\"wp-block-heading\">2. \u0130\u00e7 Hacim<\/h3>\n\n\n\n<p>G\u00fcnl\u00fck \u00e7antada telefon, c\u00fczdan, makyaj malzemeleri ve ki\u015fisel e\u015fyalar rahat\u00e7a ta\u015f\u0131nabilmelidir.<\/p>\n\n\n\n<h3 class=\"wp-block-heading\">3. Dayan\u0131kl\u0131 Malzeme<\/h3>\n\n\n\n<p>Ger\u00e7ek deri ve kaliteli kuma\u015flar uzun \u00f6m\u00fcrl\u00fc kullan\u0131m sunar.<\/p>\n\n\n\n<h3 class=\"wp-block-heading\">4. Kombin Uyumu<\/h3>\n\n\n\n<p>Siyah, bej ve kahverengi gibi zamans\u0131z renkler g\u00fcnl\u00fck kullan\u0131m i\u00e7in idealdir.<\/p>\n\n\n\n<h3 class=\"wp-block-heading\">5. G\u00fcvenlik<\/h3>\n\n\n\n<p>Fermuarl\u0131 ve kapakl\u0131 \u00e7antalar g\u00fcnl\u00fck kullan\u0131mda g\u00fcven sa\u011flar.<\/p>\n\n\n\n<hr class=\"wp-block-separator has-alpha-channel-opacity\"\/>\n\n\n\n<h2 class=\"wp-block-heading\">G\u00fcnl\u00fck Kullan\u0131m \u0130\u00e7in En \u0130yi \u00c7anta Modelleri<\/h2>\n\n\n\n<p>Kad\u0131nlar\u0131n en \u00e7ok tercih etti\u011fi g\u00fcnl\u00fck \u00e7anta modelleri, kullan\u0131m al\u0131\u015fkanl\u0131klar\u0131na g\u00f6re farkl\u0131l\u0131k g\u00f6stermektedir.<\/p>\n\n\n\n<hr class=\"wp-block-separator has-alpha-channel-opacity\"\/>\n\n\n\n<h2 class=\"wp-block-heading\">1. Omuz \u00c7antalar\u0131<\/h2>\n\n\n\n<p>Omuz \u00e7antalar\u0131, g\u00fcnl\u00fck kullan\u0131m i\u00e7in en pop\u00fcler ve en pratik modellerden biridir. Hem spor hem klasik kombinlerle uyum sa\u011flar.<\/p>\n\n\n\n<p>Avantajlar\u0131:<\/p>\n\n\n\n<ul class=\"wp-block-list\">\n<li>Rahat ta\u015f\u0131ma<\/li>\n\n\n\n<li>\u015e\u0131k g\u00f6r\u00fcn\u00fcm<\/li>\n\n\n\n<li>Geni\u015f i\u00e7 hacim<\/li>\n<\/ul>\n\n\n\n<p>\u00d6zellikle minimal tasar\u0131mlar son y\u0131llarda olduk\u00e7a pop\u00fclerdir.<\/p>\n\n\n\n<hr class=\"wp-block-separator has-alpha-channel-opacity\"\/>\n\n\n\n<h2 class=\"wp-block-heading\">2. Crossbody (\u00c7apraz Ask\u0131l\u0131) \u00c7antalar<\/h2>\n\n\n\n<p>G\u00fcnl\u00fck kullan\u0131mda hareket \u00f6zg\u00fcrl\u00fc\u011f\u00fc sunan \u00e7apraz ask\u0131l\u0131 \u00e7antalar, \u00f6zellikle \u015fehir hayat\u0131nda b\u00fcy\u00fck kolayl\u0131k sa\u011flar.<\/p>\n\n\n\n<p>Bu model, yo\u011fun tempoda \u00e7al\u0131\u015fan kad\u0131nlar i\u00e7in ideal bir se\u00e7enektir.<\/p>\n\n\n\n<p>Avantajlar\u0131:<\/p>\n\n\n\n<ul class=\"wp-block-list\">\n<li>Ellerin serbest kalmas\u0131<\/li>\n\n\n\n<li>G\u00fcvenli kullan\u0131m<\/li>\n\n\n\n<li>Hafif ve ergonomik<\/li>\n<\/ul>\n\n\n\n<p>\u00d6zellikle Michael Kors ve Guess gibi markalar\u0131n \u00e7apraz \u00e7anta koleksiyonlar\u0131 olduk\u00e7a pop\u00fclerdir.<\/p>\n\n\n\n<hr class=\"wp-block-separator has-alpha-channel-opacity\"\/>\n\n\n\n<h2 class=\"wp-block-heading\">3. Tote \u00c7antalar<\/h2>\n\n\n\n<p>Geni\u015f hacmi sayesinde tote \u00e7antalar, g\u00fcnl\u00fck kullan\u0131mda en \u00e7ok tercih edilen modeller aras\u0131nda yer al\u0131r. Laptop ta\u015f\u0131yan kad\u0131nlar i\u00e7in olduk\u00e7a kullan\u0131\u015fl\u0131d\u0131r.<\/p>\n\n\n\n<p>Avantajlar\u0131:<\/p>\n\n\n\n<ul class=\"wp-block-list\">\n<li>B\u00fcy\u00fck i\u00e7 hacim<\/li>\n\n\n\n<li>Ofis ve g\u00fcnl\u00fck kullan\u0131m<\/li>\n\n\n\n<li>Profesyonel g\u00f6r\u00fcn\u00fcm<\/li>\n<\/ul>\n\n\n\n<hr class=\"wp-block-separator has-alpha-channel-opacity\"\/>\n\n\n\n<h2 class=\"wp-block-heading\">4. Hobo \u00c7antalar<\/h2>\n\n\n\n<p>Yumu\u015fak formu ve rahat tasar\u0131m\u0131yla hobo \u00e7antalar son y\u0131llarda yeniden trend olmu\u015ftur.<\/p>\n\n\n\n<p>Avantajlar\u0131:<\/p>\n\n\n\n<ul class=\"wp-block-list\">\n<li>Konfor<\/li>\n\n\n\n<li>\u015e\u0131k ve modern g\u00f6r\u00fcn\u00fcm<\/li>\n\n\n\n<li>G\u00fcnl\u00fck kombinlere uyum<\/li>\n<\/ul>\n\n\n\n<hr class=\"wp-block-separator has-alpha-channel-opacity\"\/>\n\n\n\n<h2 class=\"wp-block-heading\">5. Bucket (Kova) \u00c7antalar<\/h2>\n\n\n\n<p>Hem spor hem klasik stil ile uyum sa\u011flayan bucket \u00e7antalar, geni\u015f i\u00e7 hacmi sayesinde g\u00fcnl\u00fck kullan\u0131m i\u00e7in idealdir.<\/p>\n\n\n\n<p>Avantajlar\u0131:<\/p>\n\n\n\n<ul class=\"wp-block-list\">\n<li>Fonksiyonel<\/li>\n\n\n\n<li>Geni\u015f<\/li>\n\n\n\n<li>Modern<\/li>\n<\/ul>\n\n\n\n<hr class=\"wp-block-separator has-alpha-channel-opacity\"\/>\n\n\n\n<h2 class=\"wp-block-heading\">6. S\u0131rt \u00c7antalar\u0131<\/h2>\n\n\n\n<p>\u00d6zellikle gen\u00e7 kad\u0131nlar ve \u00f6\u011frenciler i\u00e7in s\u0131rt \u00e7antalar\u0131 g\u00fcnl\u00fck kullan\u0131mda b\u00fcy\u00fck rahatl\u0131k sa\u011flar.<\/p>\n\n\n\n<p>Avantajlar\u0131:<\/p>\n\n\n\n<ul class=\"wp-block-list\">\n<li>A\u011f\u0131rl\u0131\u011f\u0131 dengeli da\u011f\u0131t\u0131r<\/li>\n\n\n\n<li>Uzun s\u00fcre konfor sa\u011flar<\/li>\n\n\n\n<li>Spor stil ile uyum<\/li>\n<\/ul>\n\n\n\n<hr class=\"wp-block-separator has-alpha-channel-opacity\"\/>\n\n\n\n<h2 class=\"wp-block-heading\">7. Mini G\u00fcnl\u00fck \u00c7antalar<\/h2>\n\n\n\n<p>Minimal ya\u015fam tarz\u0131n\u0131 benimseyen kad\u0131nlar i\u00e7in mini \u00e7antalar da g\u00fcnl\u00fck kullan\u0131mda tercih edilmektedir.<\/p>\n\n\n\n<p>Ancak bu model, sadece temel e\u015fyalar i\u00e7in uygundur.<\/p>\n\n\n\n<hr class=\"wp-block-separator has-alpha-channel-opacity\"\/>\n\n\n\n<h2 class=\"wp-block-heading\">G\u00fcnl\u00fck Kullan\u0131m \u0130\u00e7in En \u0130yi \u00c7anta Modeli Hangisi?<\/h2>\n\n\n\n<p>Asl\u0131nda bu sorunun tek bir cevab\u0131 yoktur. \u00c7\u00fcnk\u00fc en iyi \u00e7anta, ki\u015finin ya\u015fam tarz\u0131na g\u00f6re de\u011fi\u015fir.<\/p>\n\n\n\n<h3 class=\"wp-block-heading\">\u0130\u015f hayat\u0131 yo\u011fun olan kad\u0131nlar<\/h3>\n\n\n\n<p>Tote ve omuz \u00e7antalar\u0131<\/p>\n\n\n\n<h3 class=\"wp-block-heading\">Aktif ve hareketli ya\u015fam<\/h3>\n\n\n\n<p>Crossbody ve s\u0131rt \u00e7antalar\u0131<\/p>\n\n\n\n<h3 class=\"wp-block-heading\">Minimalist ya\u015fam<\/h3>\n\n\n\n<p>Mini ve k\u00fc\u00e7\u00fck \u00e7antalar<\/p>\n\n\n\n<hr class=\"wp-block-separator has-alpha-channel-opacity\"\/>\n\n\n\n<h2 class=\"wp-block-heading\">G\u00fcnl\u00fck \u00c7anta Renk Se\u00e7imi<\/h2>\n\n\n\n<p>G\u00fcnl\u00fck \u00e7antada renk se\u00e7imi olduk\u00e7a \u00f6nemlidir. Kombin kolayl\u0131\u011f\u0131 i\u00e7in n\u00f6tr renkler tercih edilmelidir.<\/p>\n\n\n\n<p>En \u00e7ok tercih edilen renkler:<\/p>\n\n\n\n<ul class=\"wp-block-list\">\n<li>Siyah<\/li>\n\n\n\n<li>Kahverengi<\/li>\n\n\n\n<li>Bej<\/li>\n\n\n\n<li>Gri<\/li>\n\n\n\n<li>Nude tonlar<\/li>\n<\/ul>\n\n\n\n<hr class=\"wp-block-separator has-alpha-channel-opacity\"\/>\n\n\n\n<h2 class=\"wp-block-heading\">G\u00fcnl\u00fck \u00c7anta Trendleri<\/h2>\n\n\n\n<p>Son y\u0131llarda g\u00fcnl\u00fck \u00e7anta trendleri minimalizm ve fonksiyonellik \u00fczerine kuruludur.<\/p>\n\n\n\n<p>Trendler:<\/p>\n\n\n\n<ul class=\"wp-block-list\">\n<li>B\u00fcy\u00fck ve hacimli \u00e7antalar<\/li>\n\n\n\n<li>Monogram tasar\u0131mlar<\/li>\n\n\n\n<li>S\u00fcrd\u00fcr\u00fclebilir materyaller<\/li>\n\n\n\n<li>Zamans\u0131z modeller<\/li>\n\n\n\n<li>Retro tasar\u0131mlar<\/li>\n<\/ul>\n\n\n\n<p>\u00d6zellikle Coach gibi markalar zamans\u0131z g\u00fcnl\u00fck \u00e7antalar konusunda \u00f6ne \u00e7\u0131kmaktad\u0131r.<\/p>\n\n\n\n<hr class=\"wp-block-separator has-alpha-channel-opacity\"\/>\n\n\n\n<h2 class=\"wp-block-heading\">G\u00fcnl\u00fck \u00c7anta Kullan\u0131m\u0131nda Yap\u0131lan Hatalar<\/h2>\n\n\n\n<p>Bir\u00e7ok kad\u0131n g\u00fcnl\u00fck \u00e7anta se\u00e7erken \u015fu hatalar\u0131 yapmaktad\u0131r:<\/p>\n\n\n\n<ul class=\"wp-block-list\">\n<li>Sadece g\u00f6r\u00fcn\u00fc\u015fe odaklanmak<\/li>\n\n\n\n<li>\u00c7ok k\u00fc\u00e7\u00fck \u00e7anta tercih etmek<\/li>\n\n\n\n<li>Kalitesiz \u00fcr\u00fcn almak<\/li>\n\n\n\n<li>Kombin uyumunu d\u00fc\u015f\u00fcnmemek<\/li>\n\n\n\n<li>A\u015f\u0131r\u0131 a\u011f\u0131r \u00e7antalar se\u00e7mek<\/li>\n<\/ul>\n\n\n\n<hr class=\"wp-block-separator has-alpha-channel-opacity\"\/>\n\n\n\n<h2 class=\"wp-block-heading\">G\u00fcnl\u00fck \u00c7anta Bak\u0131m\u0131 Nas\u0131l Yap\u0131lmal\u0131?<\/h2>\n\n\n\n<p>Marka \u00e7antalar\u0131n uzun s\u00fcre kullan\u0131labilmesi i\u00e7in bak\u0131m \u00f6nemlidir.<\/p>\n\n\n\n<p>\u00d6neriler:<\/p>\n\n\n\n<ul class=\"wp-block-list\">\n<li>Nemden uzak tutmak<\/li>\n\n\n\n<li>D\u00fczenli temizlemek<\/li>\n\n\n\n<li>\u0130\u00e7ini gereksiz e\u015fyalarla doldurmamak<\/li>\n\n\n\n<li>Deri bak\u0131m \u00fcr\u00fcnleri kullanmak<\/li>\n<\/ul>\n\n\n\n<hr class=\"wp-block-separator has-alpha-channel-opacity\"\/>\n\n\n\n<h2 class=\"wp-block-heading\">G\u00fcnl\u00fck \u00c7anta ve Stil Uyumu<\/h2>\n\n\n\n<p>Do\u011fru \u00e7anta, sade bir kombini bile \u015f\u0131k hale getirebilir.<\/p>\n\n\n\n<p>\u00d6rnek kombinler:<\/p>\n\n\n\n<ul class=\"wp-block-list\">\n<li>Spor stil \u2192 Crossbody<\/li>\n\n\n\n<li>Ofis \u2192 Tote<\/li>\n\n\n\n<li>Casual \u2192 Omuz \u00e7antas\u0131<\/li>\n<\/ul>\n\n\n\n<hr class=\"wp-block-separator has-alpha-channel-opacity\"\/>\n\n\n\n<h2 class=\"wp-block-heading\">Online G\u00fcnl\u00fck \u00c7anta Alman\u0131n Avantajlar\u0131<\/h2>\n\n\n\n<p>Online al\u0131\u015fveri\u015f, geni\u015f \u00fcr\u00fcn se\u00e7ene\u011fi sunar. Ayr\u0131ca kampanya ve indirim avantajlar\u0131 sa\u011flar.<\/p>\n\n\n\n<p>Avantajlar\u0131:<\/p>\n\n\n\n<ul class=\"wp-block-list\">\n<li>Fiyat kar\u015f\u0131la\u015ft\u0131rma<\/li>\n\n\n\n<li>Daha fazla model<\/li>\n\n\n\n<li>Kolay al\u0131\u015fveri\u015f<\/li>\n\n\n\n<li>H\u0131zl\u0131 teslimat<\/li>\n<\/ul>\n\n\n\n<hr class=\"wp-block-separator has-alpha-channel-opacity\"\/>\n\n\n\n<h2 class=\"wp-block-heading\">S\u0131k Sorulan Sorular<\/h2>\n\n\n\n<h3 class=\"wp-block-heading\">G\u00fcnl\u00fck kullan\u0131m i\u00e7in en iyi \u00e7anta hangisidir?<\/h3>\n\n\n\n<p>Omuz ve \u00e7apraz ask\u0131l\u0131 \u00e7antalar en \u00e7ok tercih edilen modellerdir.<\/p>\n\n\n\n<h3 class=\"wp-block-heading\">G\u00fcnl\u00fck \u00e7anta ka\u00e7 litre olmal\u0131?<\/h3>\n\n\n\n<p>Ki\u015fisel ihtiyaca g\u00f6re de\u011fi\u015fse de orta boy \u00e7antalar idealdir.<\/p>\n\n\n\n<h3 class=\"wp-block-heading\">Hangi renk g\u00fcnl\u00fck \u00e7anta al\u0131nmal\u0131?<\/h3>\n\n\n\n<p>Siyah ve bej tonlar\u0131 en \u00e7ok tercih edilir.<\/p>\n\n\n\n<h3 class=\"wp-block-heading\">G\u00fcnl\u00fck \u00e7anta deri mi olmal\u0131?<\/h3>\n\n\n\n<p>Deri \u00e7antalar daha dayan\u0131kl\u0131 ve uzun \u00f6m\u00fcrl\u00fcd\u00fcr.<\/p>\n\n\n\n<hr class=\"wp-block-separator has-alpha-channel-opacity\"\/>\n\n\n\n<h2 class=\"wp-block-heading\">Sonu\u00e7<\/h2>\n\n\n\n<p>G\u00fcnl\u00fck kullan\u0131m i\u00e7in en iyi \u00e7anta, ki\u015finin ya\u015fam tarz\u0131na, ihtiya\u00e7lar\u0131na ve stiline g\u00f6re de\u011fi\u015fmektedir. Omuz \u00e7antalar\u0131, \u00e7apraz ask\u0131l\u0131 modeller ve tote \u00e7antalar en \u00e7ok tercih edilen se\u00e7eneklerdir.<\/p>\n\n\n\n<p>Konfor, kalite ve zamans\u0131z tasar\u0131m g\u00fcnl\u00fck \u00e7anta se\u00e7iminde en \u00f6nemli kriterlerdir. Do\u011fru se\u00e7im yap\u0131ld\u0131\u011f\u0131nda g\u00fcnl\u00fck \u00e7anta hem \u015f\u0131kl\u0131k hem de kullan\u0131m kolayl\u0131\u011f\u0131 sa\u011flar.<\/p>\n\n\n\n<p>Siz de g\u00fcnl\u00fck hayat\u0131n\u0131za uygun, kaliteli ve stil sahibi marka \u00e7anta modellerini inceleyerek do\u011fru tercihi yapabilirsiniz.<\/p>\n","protected":false},"excerpt":{"rendered":"<p>G\u00fcnl\u00fck ya\u015fam temposu artt\u0131k\u00e7a kad\u0131nlar\u0131n ihtiya\u00e7 duydu\u011fu \u00e7anta modelleri de de\u011fi\u015fmektedir. \u0130\u015f hayat\u0131, sosyal ya\u015fam, al\u0131\u015fveri\u015f, seyahat ve g\u00fcnl\u00fck aktiviteler<\/p>\n","protected":false},"author":1,"featured_media":0,"comment_status":"open","ping_status":"open","sticky":false,"template":"","format":"standard","meta":{"footnotes":""},"categories":[1],"tags":[],"class_list":["post-22827","post","type-post","status-publish","format-standard","hentry","category-genel"],"yoast_head":"<!-- This site is optimized with the Yoast SEO plugin v27.4 - https:\/\/yoast.com\/product\/yoast-seo-wordpress\/ -->\n<title>G\u00fcnl\u00fck Kullan\u0131m \u0130\u00e7in En \u0130yi \u00c7anta Hangisi? - markacantalar.com<\/title>\n<meta name=\"robots\" content=\"index, follow, max-snippet:-1, max-image-preview:large, max-video-preview:-1\" \/>\n<link rel=\"canonical\" href=\"https:\/\/www.markacantalar.com\/index.php\/2026\/02\/21\/gunluk-kullanim-icin-en-iyi-canta-hangisi\/\" \/>\n<meta property=\"og:locale\" content=\"tr_TR\" \/>\n<meta property=\"og:type\" content=\"article\" \/>\n<meta property=\"og:title\" content=\"G\u00fcnl\u00fck Kullan\u0131m \u0130\u00e7in En \u0130yi \u00c7anta Hangisi? - markacantalar.com\" \/>\n<meta property=\"og:description\" content=\"G\u00fcnl\u00fck ya\u015fam temposu artt\u0131k\u00e7a kad\u0131nlar\u0131n ihtiya\u00e7 duydu\u011fu \u00e7anta modelleri de de\u011fi\u015fmektedir. \u0130\u015f hayat\u0131, sosyal ya\u015fam, al\u0131\u015fveri\u015f, seyahat ve g\u00fcnl\u00fck aktiviteler\" \/>\n<meta property=\"og:url\" content=\"https:\/\/www.markacantalar.com\/index.php\/2026\/02\/21\/gunluk-kullanim-icin-en-iyi-canta-hangisi\/\" \/>\n<meta property=\"og:site_name\" content=\"markacantalar.com\" \/>\n<meta property=\"article:published_time\" content=\"2026-02-21T18:45:19+00:00\" \/>\n<meta property=\"article:modified_time\" content=\"2026-02-21T18:45:21+00:00\" \/>\n<meta name=\"author\" content=\"usrMarCant\" \/>\n<meta name=\"twitter:card\" content=\"summary_large_image\" \/>\n<meta name=\"twitter:label1\" content=\"Yazan:\" \/>\n\t<meta name=\"twitter:data1\" content=\"usrMarCant\" \/>\n\t<meta name=\"twitter:label2\" content=\"Tahmini okuma s\u00fcresi\" \/>\n\t<meta name=\"twitter:data2\" content=\"5 dakika\" \/>\n<script type=\"application\/ld+json\" class=\"yoast-schema-graph\">{\"@context\":\"https:\\\/\\\/schema.org\",\"@graph\":[{\"@type\":\"Article\",\"@id\":\"https:\\\/\\\/www.markacantalar.com\\\/index.php\\\/2026\\\/02\\\/21\\\/gunluk-kullanim-icin-en-iyi-canta-hangisi\\\/#article\",\"isPartOf\":{\"@id\":\"https:\\\/\\\/www.markacantalar.com\\\/index.php\\\/2026\\\/02\\\/21\\\/gunluk-kullanim-icin-en-iyi-canta-hangisi\\\/\"},\"author\":{\"name\":\"usrMarCant\",\"@id\":\"https:\\\/\\\/www.markacantalar.com\\\/#\\\/schema\\\/person\\\/a017bfbdf73f004046019eece9fc6334\"},\"headline\":\"G\u00fcnl\u00fck Kullan\u0131m \u0130\u00e7in En \u0130yi \u00c7anta Hangisi?\",\"datePublished\":\"2026-02-21T18:45:19+00:00\",\"dateModified\":\"2026-02-21T18:45:21+00:00\",\"mainEntityOfPage\":{\"@id\":\"https:\\\/\\\/www.markacantalar.com\\\/index.php\\\/2026\\\/02\\\/21\\\/gunluk-kullanim-icin-en-iyi-canta-hangisi\\\/\"},\"wordCount\":1164,\"commentCount\":0,\"articleSection\":[\"MARKA \u00c7ANTALAR\"],\"inLanguage\":\"tr\",\"potentialAction\":[{\"@type\":\"CommentAction\",\"name\":\"Comment\",\"target\":[\"https:\\\/\\\/www.markacantalar.com\\\/index.php\\\/2026\\\/02\\\/21\\\/gunluk-kullanim-icin-en-iyi-canta-hangisi\\\/#respond\"]}]},{\"@type\":\"WebPage\",\"@id\":\"https:\\\/\\\/www.markacantalar.com\\\/index.php\\\/2026\\\/02\\\/21\\\/gunluk-kullanim-icin-en-iyi-canta-hangisi\\\/\",\"url\":\"https:\\\/\\\/www.markacantalar.com\\\/index.php\\\/2026\\\/02\\\/21\\\/gunluk-kullanim-icin-en-iyi-canta-hangisi\\\/\",\"name\":\"G\u00fcnl\u00fck Kullan\u0131m \u0130\u00e7in En \u0130yi \u00c7anta Hangisi? - markacantalar.com\",\"isPartOf\":{\"@id\":\"https:\\\/\\\/www.markacantalar.com\\\/#website\"},\"datePublished\":\"2026-02-21T18:45:19+00:00\",\"dateModified\":\"2026-02-21T18:45:21+00:00\",\"author\":{\"@id\":\"https:\\\/\\\/www.markacantalar.com\\\/#\\\/schema\\\/person\\\/a017bfbdf73f004046019eece9fc6334\"},\"breadcrumb\":{\"@id\":\"https:\\\/\\\/www.markacantalar.com\\\/index.php\\\/2026\\\/02\\\/21\\\/gunluk-kullanim-icin-en-iyi-canta-hangisi\\\/#breadcrumb\"},\"inLanguage\":\"tr\",\"potentialAction\":[{\"@type\":\"ReadAction\",\"target\":[\"https:\\\/\\\/www.markacantalar.com\\\/index.php\\\/2026\\\/02\\\/21\\\/gunluk-kullanim-icin-en-iyi-canta-hangisi\\\/\"]}]},{\"@type\":\"BreadcrumbList\",\"@id\":\"https:\\\/\\\/www.markacantalar.com\\\/index.php\\\/2026\\\/02\\\/21\\\/gunluk-kullanim-icin-en-iyi-canta-hangisi\\\/#breadcrumb\",\"itemListElement\":[{\"@type\":\"ListItem\",\"position\":1,\"name\":\"Anasayfa\",\"item\":\"https:\\\/\\\/www.markacantalar.com\\\/\"},{\"@type\":\"ListItem\",\"position\":2,\"name\":\"G\u00fcnl\u00fck Kullan\u0131m \u0130\u00e7in En \u0130yi \u00c7anta Hangisi?\"}]},{\"@type\":\"WebSite\",\"@id\":\"https:\\\/\\\/www.markacantalar.com\\\/#website\",\"url\":\"https:\\\/\\\/www.markacantalar.com\\\/\",\"name\":\"markacantalar.com\",\"description\":\"Orijinal ve Birebir Replika \u0130thal D\u00fcnya Markas\u0131 \u00c7anta C\u00fczdan Ayakkab\u0131 Terlik Valiz\",\"potentialAction\":[{\"@type\":\"SearchAction\",\"target\":{\"@type\":\"EntryPoint\",\"urlTemplate\":\"https:\\\/\\\/www.markacantalar.com\\\/?s={search_term_string}\"},\"query-input\":{\"@type\":\"PropertyValueSpecification\",\"valueRequired\":true,\"valueName\":\"search_term_string\"}}],\"inLanguage\":\"tr\"},{\"@type\":\"Person\",\"@id\":\"https:\\\/\\\/www.markacantalar.com\\\/#\\\/schema\\\/person\\\/a017bfbdf73f004046019eece9fc6334\",\"name\":\"usrMarCant\",\"image\":{\"@type\":\"ImageObject\",\"inLanguage\":\"tr\",\"@id\":\"https:\\\/\\\/secure.gravatar.com\\\/avatar\\\/7ab6667b3f7db731bc1d79f4fa8ef06cdb733f8332ecd50f068ee89762c485e3?s=96&d=mm&r=g\",\"url\":\"https:\\\/\\\/secure.gravatar.com\\\/avatar\\\/7ab6667b3f7db731bc1d79f4fa8ef06cdb733f8332ecd50f068ee89762c485e3?s=96&d=mm&r=g\",\"contentUrl\":\"https:\\\/\\\/secure.gravatar.com\\\/avatar\\\/7ab6667b3f7db731bc1d79f4fa8ef06cdb733f8332ecd50f068ee89762c485e3?s=96&d=mm&r=g\",\"caption\":\"usrMarCant\"},\"sameAs\":[\"https:\\\/\\\/www.markacantalar.com\"],\"url\":\"https:\\\/\\\/www.markacantalar.com\\\/index.php\\\/author\\\/usrmarcant\\\/\"}]}<\/script>\n<!-- \/ Yoast SEO plugin. -->","yoast_head_json":{"title":"G\u00fcnl\u00fck Kullan\u0131m \u0130\u00e7in En \u0130yi \u00c7anta Hangisi? - markacantalar.com","robots":{"index":"index","follow":"follow","max-snippet":"max-snippet:-1","max-image-preview":"max-image-preview:large","max-video-preview":"max-video-preview:-1"},"canonical":"https:\/\/www.markacantalar.com\/index.php\/2026\/02\/21\/gunluk-kullanim-icin-en-iyi-canta-hangisi\/","og_locale":"tr_TR","og_type":"article","og_title":"G\u00fcnl\u00fck Kullan\u0131m \u0130\u00e7in En \u0130yi \u00c7anta Hangisi? - markacantalar.com","og_description":"G\u00fcnl\u00fck ya\u015fam temposu artt\u0131k\u00e7a kad\u0131nlar\u0131n ihtiya\u00e7 duydu\u011fu \u00e7anta modelleri de de\u011fi\u015fmektedir. \u0130\u015f hayat\u0131, sosyal ya\u015fam, al\u0131\u015fveri\u015f, seyahat ve g\u00fcnl\u00fck aktiviteler","og_url":"https:\/\/www.markacantalar.com\/index.php\/2026\/02\/21\/gunluk-kullanim-icin-en-iyi-canta-hangisi\/","og_site_name":"markacantalar.com","article_published_time":"2026-02-21T18:45:19+00:00","article_modified_time":"2026-02-21T18:45:21+00:00","author":"usrMarCant","twitter_card":"summary_large_image","twitter_misc":{"Yazan:":"usrMarCant","Tahmini okuma s\u00fcresi":"5 dakika"},"schema":{"@context":"https:\/\/schema.org","@graph":[{"@type":"Article","@id":"https:\/\/www.markacantalar.com\/index.php\/2026\/02\/21\/gunluk-kullanim-icin-en-iyi-canta-hangisi\/#article","isPartOf":{"@id":"https:\/\/www.markacantalar.com\/index.php\/2026\/02\/21\/gunluk-kullanim-icin-en-iyi-canta-hangisi\/"},"author":{"name":"usrMarCant","@id":"https:\/\/www.markacantalar.com\/#\/schema\/person\/a017bfbdf73f004046019eece9fc6334"},"headline":"G\u00fcnl\u00fck Kullan\u0131m \u0130\u00e7in En \u0130yi \u00c7anta Hangisi?","datePublished":"2026-02-21T18:45:19+00:00","dateModified":"2026-02-21T18:45:21+00:00","mainEntityOfPage":{"@id":"https:\/\/www.markacantalar.com\/index.php\/2026\/02\/21\/gunluk-kullanim-icin-en-iyi-canta-hangisi\/"},"wordCount":1164,"commentCount":0,"articleSection":["MARKA \u00c7ANTALAR"],"inLanguage":"tr","potentialAction":[{"@type":"CommentAction","name":"Comment","target":["https:\/\/www.markacantalar.com\/index.php\/2026\/02\/21\/gunluk-kullanim-icin-en-iyi-canta-hangisi\/#respond"]}]},{"@type":"WebPage","@id":"https:\/\/www.markacantalar.com\/index.php\/2026\/02\/21\/gunluk-kullanim-icin-en-iyi-canta-hangisi\/","url":"https:\/\/www.markacantalar.com\/index.php\/2026\/02\/21\/gunluk-kullanim-icin-en-iyi-canta-hangisi\/","name":"G\u00fcnl\u00fck Kullan\u0131m \u0130\u00e7in En \u0130yi \u00c7anta Hangisi? - markacantalar.com","isPartOf":{"@id":"https:\/\/www.markacantalar.com\/#website"},"datePublished":"2026-02-21T18:45:19+00:00","dateModified":"2026-02-21T18:45:21+00:00","author":{"@id":"https:\/\/www.markacantalar.com\/#\/schema\/person\/a017bfbdf73f004046019eece9fc6334"},"breadcrumb":{"@id":"https:\/\/www.markacantalar.com\/index.php\/2026\/02\/21\/gunluk-kullanim-icin-en-iyi-canta-hangisi\/#breadcrumb"},"inLanguage":"tr","potentialAction":[{"@type":"ReadAction","target":["https:\/\/www.markacantalar.com\/index.php\/2026\/02\/21\/gunluk-kullanim-icin-en-iyi-canta-hangisi\/"]}]},{"@type":"BreadcrumbList","@id":"https:\/\/www.markacantalar.com\/index.php\/2026\/02\/21\/gunluk-kullanim-icin-en-iyi-canta-hangisi\/#breadcrumb","itemListElement":[{"@type":"ListItem","position":1,"name":"Anasayfa","item":"https:\/\/www.markacantalar.com\/"},{"@type":"ListItem","position":2,"name":"G\u00fcnl\u00fck Kullan\u0131m \u0130\u00e7in En \u0130yi \u00c7anta Hangisi?"}]},{"@type":"WebSite","@id":"https:\/\/www.markacantalar.com\/#website","url":"https:\/\/www.markacantalar.com\/","name":"markacantalar.com","description":"Orijinal ve Birebir Replika \u0130thal D\u00fcnya Markas\u0131 \u00c7anta C\u00fczdan Ayakkab\u0131 Terlik Valiz","potentialAction":[{"@type":"SearchAction","target":{"@type":"EntryPoint","urlTemplate":"https:\/\/www.markacantalar.com\/?s={search_term_string}"},"query-input":{"@type":"PropertyValueSpecification","valueRequired":true,"valueName":"search_term_string"}}],"inLanguage":"tr"},{"@type":"Person","@id":"https:\/\/www.markacantalar.com\/#\/schema\/person\/a017bfbdf73f004046019eece9fc6334","name":"usrMarCant","image":{"@type":"ImageObject","inLanguage":"tr","@id":"https:\/\/secure.gravatar.com\/avatar\/7ab6667b3f7db731bc1d79f4fa8ef06cdb733f8332ecd50f068ee89762c485e3?s=96&d=mm&r=g","url":"https:\/\/secure.gravatar.com\/avatar\/7ab6667b3f7db731bc1d79f4fa8ef06cdb733f8332ecd50f068ee89762c485e3?s=96&d=mm&r=g","contentUrl":"https:\/\/secure.gravatar.com\/avatar\/7ab6667b3f7db731bc1d79f4fa8ef06cdb733f8332ecd50f068ee89762c485e3?s=96&d=mm&r=g","caption":"usrMarCant"},"sameAs":["https:\/\/www.markacantalar.com"],"url":"https:\/\/www.markacantalar.com\/index.php\/author\/usrmarcant\/"}]}},"_links":{"self":[{"href":"https:\/\/www.markacantalar.com\/index.php\/wp-json\/wp\/v2\/posts\/22827","targetHints":{"allow":["GET"]}}],"collection":[{"href":"https:\/\/www.markacantalar.com\/index.php\/wp-json\/wp\/v2\/posts"}],"about":[{"href":"https:\/\/www.markacantalar.com\/index.php\/wp-json\/wp\/v2\/types\/post"}],"author":[{"embeddable":true,"href":"https:\/\/www.markacantalar.com\/index.php\/wp-json\/wp\/v2\/users\/1"}],"replies":[{"embeddable":true,"href":"https:\/\/www.markacantalar.com\/index.php\/wp-json\/wp\/v2\/comments?post=22827"}],"version-history":[{"count":1,"href":"https:\/\/www.markacantalar.com\/index.php\/wp-json\/wp\/v2\/posts\/22827\/revisions"}],"predecessor-version":[{"id":22828,"href":"https:\/\/www.markacantalar.com\/index.php\/wp-json\/wp\/v2\/posts\/22827\/revisions\/22828"}],"wp:attachment":[{"href":"https:\/\/www.markacantalar.com\/index.php\/wp-json\/wp\/v2\/media?parent=22827"}],"wp:term":[{"taxonomy":"category","embeddable":true,"href":"https:\/\/www.markacantalar.com\/index.php\/wp-json\/wp\/v2\/categories?post=22827"},{"taxonomy":"post_tag","embeddable":true,"href":"https:\/\/www.markacantalar.com\/index.php\/wp-json\/wp\/v2\/tags?post=22827"}],"curies":[{"name":"wp","href":"https:\/\/api.w.org\/{rel}","templated":true}]}}