{"id":22825,"date":"2026-02-21T21:42:57","date_gmt":"2026-02-21T18:42:57","guid":{"rendered":"https:\/\/www.markacantalar.com\/?p=22825"},"modified":"2026-02-21T21:42:58","modified_gmt":"2026-02-21T18:42:58","slug":"en-cok-tercih-edilen-kadin-marka-canta-modelleri","status":"publish","type":"post","link":"https:\/\/www.markacantalar.com\/index.php\/2026\/02\/21\/en-cok-tercih-edilen-kadin-marka-canta-modelleri\/","title":{"rendered":"En \u00c7ok Tercih Edilen Kad\u0131n Marka \u00c7anta Modelleri"},"content":{"rendered":"\n<p>Kad\u0131nlar i\u00e7in \u00e7anta, sadece bir aksesuar de\u011fil; stilin, ki\u015fili\u011fin ve g\u00fcnl\u00fck hayat\u0131n vazge\u00e7ilmez bir par\u00e7as\u0131d\u0131r. \u00d6zellikle marka \u00e7anta modelleri, hem kalite hem de prestij a\u00e7\u0131s\u0131ndan b\u00fcy\u00fck \u00f6nem ta\u015f\u0131r. G\u00fcn\u00fcm\u00fczde online al\u0131\u015fveri\u015fin yayg\u0131nla\u015fmas\u0131yla birlikte kad\u0131nlar, hem \u015f\u0131k hem de fonksiyonel \u00e7anta modellerini daha kolay ke\u015ffetmektedir.<\/p>\n\n\n\n<p>Bu yaz\u0131m\u0131zda en \u00e7ok tercih edilen kad\u0131n marka \u00e7anta modellerini, kullan\u0131m alanlar\u0131n\u0131, trendleri ve se\u00e7im ipu\u00e7lar\u0131n\u0131 detayl\u0131 \u015fekilde ele al\u0131yoruz.<\/p>\n\n\n\n<hr class=\"wp-block-separator has-alpha-channel-opacity\"\/>\n\n\n\n<h2 class=\"wp-block-heading\">Kad\u0131nlar Neden Marka \u00c7anta Tercih Ediyor?<\/h2>\n\n\n\n<p>Marka \u00e7antalar, uzun \u00f6m\u00fcrl\u00fc kullan\u0131m ve y\u00fcksek kalite standartlar\u0131yla \u00f6ne \u00e7\u0131kar. Ayn\u0131 zamanda yat\u0131r\u0131m de\u011feri ta\u015f\u0131yan modeller de bulunmaktad\u0131r.<\/p>\n\n\n\n<p>Kad\u0131nlar\u0131n marka \u00e7anta tercih etmesinin ba\u015fl\u0131ca nedenleri \u015funlard\u0131r:<\/p>\n\n\n\n<ul class=\"wp-block-list\">\n<li>Dayan\u0131kl\u0131 ve kaliteli malzeme<\/li>\n\n\n\n<li>\u015e\u0131k ve zamans\u0131z tasar\u0131mlar<\/li>\n\n\n\n<li>Prestij ve g\u00fcven<\/li>\n\n\n\n<li>Kombin kolayl\u0131\u011f\u0131<\/li>\n\n\n\n<li>Uzun y\u0131llar kullan\u0131m<\/li>\n<\/ul>\n\n\n\n<p>\u00d6zellikle orijinal \u00fcr\u00fcn sat\u0131n al\u0131nd\u0131\u011f\u0131nda, uzun vadede maliyet avantaj\u0131 da sa\u011flan\u0131r.<\/p>\n\n\n\n<hr class=\"wp-block-separator has-alpha-channel-opacity\"\/>\n\n\n\n<h2 class=\"wp-block-heading\">1. Omuz \u00c7antalar\u0131 (Shoulder Bag)<\/h2>\n\n\n\n<p>Kad\u0131nlar aras\u0131nda en \u00e7ok tercih edilen \u00e7anta modellerinin ba\u015f\u0131nda omuz \u00e7antalar\u0131 gelir. G\u00fcnl\u00fck kullan\u0131ma uygun olan bu \u00e7antalar, hem konforlu hem de \u015f\u0131k bir g\u00f6r\u00fcn\u00fcm sunar.<\/p>\n\n\n\n<p>\u00d6zellikle minimalist tasar\u0131mlar ve logolu modeller son y\u0131llarda olduk\u00e7a pop\u00fclerdir.<\/p>\n\n\n\n<p>\u00d6rnek bir omuz \u00e7anta modeli:<br><a href=\"https:\/\/chatgpt.com\/c\/6999fbc0-f6fc-832c-8d54-7cbe4cf9d0ac\">Siena Monogram Leather Shoulder Bag<\/a><\/p>\n\n\n\n<p>Bu tarz \u00e7antalar:<\/p>\n\n\n\n<ul class=\"wp-block-list\">\n<li>G\u00fcnl\u00fck kombinlere uyum sa\u011flar<\/li>\n\n\n\n<li>Hem spor hem klasik stil ile kullan\u0131labilir<\/li>\n\n\n\n<li>\u0130\u015f ve okul hayat\u0131 i\u00e7in idealdir<\/li>\n<\/ul>\n\n\n\n<hr class=\"wp-block-separator has-alpha-channel-opacity\"\/>\n\n\n\n<h2 class=\"wp-block-heading\">2. Crossbody (\u00c7apraz Ask\u0131l\u0131) \u00c7antalar<\/h2>\n\n\n\n<p>Son y\u0131llar\u0131n en pop\u00fcler \u00e7anta modellerinden biri \u00e7apraz ask\u0131l\u0131 \u00e7antalard\u0131r. \u00d6zellikle \u015fehir hayat\u0131nda aktif olan kad\u0131nlar i\u00e7in b\u00fcy\u00fck kolayl\u0131k sa\u011flar.<\/p>\n\n\n\n<p>Avantajlar\u0131:<\/p>\n\n\n\n<ul class=\"wp-block-list\">\n<li>Elleri \u00f6zg\u00fcr b\u0131rak\u0131r<\/li>\n\n\n\n<li>G\u00fcvenli kullan\u0131m<\/li>\n\n\n\n<li>Uzun s\u00fcreli rahatl\u0131k<\/li>\n<\/ul>\n\n\n\n<p>\u00d6zellikle seyahat eden kad\u0131nlar i\u00e7in ideal bir modeldir.<\/p>\n\n\n\n<hr class=\"wp-block-separator has-alpha-channel-opacity\"\/>\n\n\n\n<h2 class=\"wp-block-heading\">3. Tote \u00c7antalar<\/h2>\n\n\n\n<p>Geni\u015f i\u00e7 hacmi sayesinde tote \u00e7antalar, \u00e7al\u0131\u015fan kad\u0131nlar\u0131n en \u00e7ok tercih etti\u011fi modeller aras\u0131ndad\u0131r. Laptop, defter ve g\u00fcnl\u00fck e\u015fyalar i\u00e7in idealdir.<\/p>\n\n\n\n<p>\u00d6rnek bir model:<br><a href=\"https:\/\/chatgpt.com\/c\/6999fbc0-f6fc-832c-8d54-7cbe4cf9d0ac\">Gianni Chiarini Women&#8217;s Claudette Tote Bag<\/a><\/p>\n\n\n\n<p>Bu \u00e7antalar:<\/p>\n\n\n\n<ul class=\"wp-block-list\">\n<li>Ofis hayat\u0131 i\u00e7in uygundur<\/li>\n\n\n\n<li>\u015e\u0131k ve profesyonel g\u00f6r\u00fcn\u00fcm sunar<\/li>\n\n\n\n<li>G\u00fcnl\u00fck kullan\u0131ma uygundur<\/li>\n<\/ul>\n\n\n\n<hr class=\"wp-block-separator has-alpha-channel-opacity\"\/>\n\n\n\n<h2 class=\"wp-block-heading\">4. Mini \u00c7antalar<\/h2>\n\n\n\n<p>Moda d\u00fcnyas\u0131nda son y\u0131llarda minimalizm \u00f6n plana \u00e7\u0131km\u0131\u015ft\u0131r. Bu trendle birlikte mini \u00e7antalar olduk\u00e7a pop\u00fcler hale gelmi\u015ftir.<\/p>\n\n\n\n<p>Avantajlar\u0131:<\/p>\n\n\n\n<ul class=\"wp-block-list\">\n<li>\u015e\u0131k ve modern g\u00f6r\u00fcn\u00fcm<\/li>\n\n\n\n<li>\u00d6zel davetlerde kullan\u0131m<\/li>\n\n\n\n<li>Hafif ve ta\u015f\u0131nabilir<\/li>\n<\/ul>\n\n\n\n<p>\u00d6zellikle gen\u00e7 kad\u0131nlar aras\u0131nda olduk\u00e7a yayg\u0131nd\u0131r.<\/p>\n\n\n\n<hr class=\"wp-block-separator has-alpha-channel-opacity\"\/>\n\n\n\n<h2 class=\"wp-block-heading\">5. Bucket (Kova) \u00c7antalar<\/h2>\n\n\n\n<p>Hem spor hem klasik kombinlere uyum sa\u011flayan bucket \u00e7antalar, fonksiyonel ve stil sahibi bir g\u00f6r\u00fcn\u00fcm sunar.<\/p>\n\n\n\n<p>\u00d6rnek model:<br><a href=\"https:\/\/chatgpt.com\/c\/6999fbc0-f6fc-832c-8d54-7cbe4cf9d0ac\">Monaco II Bucket Bag<\/a><\/p>\n\n\n\n<p>Bu model:<\/p>\n\n\n\n<ul class=\"wp-block-list\">\n<li>Geni\u015f i\u00e7 hacim sunar<\/li>\n\n\n\n<li>G\u00fcnl\u00fck kullan\u0131m i\u00e7in idealdir<\/li>\n\n\n\n<li>Modern ve trend g\u00f6r\u00fcn\u00fcr<\/li>\n<\/ul>\n\n\n\n<hr class=\"wp-block-separator has-alpha-channel-opacity\"\/>\n\n\n\n<h2 class=\"wp-block-heading\">6. El \u00c7antalar\u0131 (Top Handle)<\/h2>\n\n\n\n<p>Zarif ve klasik g\u00f6r\u00fcn\u00fcm\u00fcyle el \u00e7antalar\u0131, \u00f6zellikle i\u015f ve resmi ortamlarda tercih edilir.<\/p>\n\n\n\n<p>Avantajlar\u0131:<\/p>\n\n\n\n<ul class=\"wp-block-list\">\n<li>Profesyonel stil<\/li>\n\n\n\n<li>Zamans\u0131z tasar\u0131m<\/li>\n\n\n\n<li>Prestijli g\u00f6r\u00fcn\u00fcm<\/li>\n<\/ul>\n\n\n\n<hr class=\"wp-block-separator has-alpha-channel-opacity\"\/>\n\n\n\n<h2 class=\"wp-block-heading\">7. Gece ve Davet \u00c7antalar\u0131<\/h2>\n\n\n\n<p>\u00d6zel g\u00fcnlerde kullan\u0131lan bu \u00e7antalar, genellikle k\u00fc\u00e7\u00fck ve dikkat \u00e7ekici tasar\u0131mlara sahiptir.<\/p>\n\n\n\n<p>\u00d6rnek model:<br><a href=\"https:\/\/chatgpt.com\/c\/6999fbc0-f6fc-832c-8d54-7cbe4cf9d0ac\">Velleso Avara Crystal Embellished Flap Over Bag<\/a><\/p>\n\n\n\n<p>Bu \u00e7antalar:<\/p>\n\n\n\n<ul class=\"wp-block-list\">\n<li>Abiye kombinleri tamamlar<\/li>\n\n\n\n<li>\u015e\u0131kl\u0131\u011f\u0131 \u00f6n plana \u00e7\u0131kar\u0131r<\/li>\n\n\n\n<li>\u00d6zel davetler i\u00e7in idealdir<\/li>\n<\/ul>\n\n\n\n<hr class=\"wp-block-separator has-alpha-channel-opacity\"\/>\n\n\n\n<h2 class=\"wp-block-heading\">8. Spor ve G\u00fcnl\u00fck \u00c7antalar<\/h2>\n\n\n\n<p>Spor tarz\u0131 benimseyen kad\u0131nlar i\u00e7in fonksiyonel ve rahat \u00e7antalar \u00f6n plandad\u0131r.<\/p>\n\n\n\n<p>Bu modeller:<\/p>\n\n\n\n<ul class=\"wp-block-list\">\n<li>Hafif ve ergonomiktir<\/li>\n\n\n\n<li>G\u00fcnl\u00fck kullan\u0131m i\u00e7in idealdir<\/li>\n\n\n\n<li>Aktif ya\u015fam tarz\u0131na uygundur<\/li>\n<\/ul>\n\n\n\n<hr class=\"wp-block-separator has-alpha-channel-opacity\"\/>\n\n\n\n<h2 class=\"wp-block-heading\">2026 Kad\u0131n \u00c7anta Trendleri<\/h2>\n\n\n\n<p>Moda d\u00fcnyas\u0131 her y\u0131l de\u011fi\u015fmektedir. 2026 y\u0131l\u0131nda \u00f6ne \u00e7\u0131kan \u00e7anta trendleri \u015funlard\u0131r:<\/p>\n\n\n\n<h3 class=\"wp-block-heading\">\u2714\ufe0f Minimalist ve sade tasar\u0131mlar<\/h3>\n\n\n\n<h3 class=\"wp-block-heading\">\u2714\ufe0f Logolu ve monogram modeller<\/h3>\n\n\n\n<h3 class=\"wp-block-heading\">\u2714\ufe0f B\u00fcy\u00fck ve hacimli \u00e7antalar<\/h3>\n\n\n\n<h3 class=\"wp-block-heading\">\u2714\ufe0f Retro ve vintage tasar\u0131mlar<\/h3>\n\n\n\n<h3 class=\"wp-block-heading\">\u2714\ufe0f Do\u011fal deri ve s\u00fcrd\u00fcr\u00fclebilir \u00fcr\u00fcnler<\/h3>\n\n\n\n<hr class=\"wp-block-separator has-alpha-channel-opacity\"\/>\n\n\n\n<h2 class=\"wp-block-heading\">Kad\u0131n Marka \u00c7anta Se\u00e7erken Nelere Dikkat Edilmeli?<\/h2>\n\n\n\n<p>Kad\u0131nlar\u0131n do\u011fru \u00e7antay\u0131 se\u00e7mesi, hem stil hem de kullan\u0131m a\u00e7\u0131s\u0131ndan \u00f6nemlidir.<\/p>\n\n\n\n<p>Dikkat edilmesi gerekenler:<\/p>\n\n\n\n<ul class=\"wp-block-list\">\n<li>Orijinallik ve kalite<\/li>\n\n\n\n<li>Kullan\u0131m alan\u0131<\/li>\n\n\n\n<li>Malzeme<\/li>\n\n\n\n<li>Kombin uyumu<\/li>\n\n\n\n<li>\u0130\u00e7 hacim<\/li>\n\n\n\n<li>Marka g\u00fcvenilirli\u011fi<\/li>\n<\/ul>\n\n\n\n<hr class=\"wp-block-separator has-alpha-channel-opacity\"\/>\n\n\n\n<h2 class=\"wp-block-heading\">En Pop\u00fcler Kad\u0131n \u00c7anta Renkleri<\/h2>\n\n\n\n<p>Son y\u0131llarda kad\u0131nlar \u015fu renkleri daha \u00e7ok tercih etmektedir:<\/p>\n\n\n\n<ul class=\"wp-block-list\">\n<li>Siyah<\/li>\n\n\n\n<li>Bej<\/li>\n\n\n\n<li>Kahverengi<\/li>\n\n\n\n<li>Nude tonlar<\/li>\n\n\n\n<li>Pastel renkler<\/li>\n<\/ul>\n\n\n\n<p>Bu renkler kombin kolayl\u0131\u011f\u0131 sa\u011flar.<\/p>\n\n\n\n<hr class=\"wp-block-separator has-alpha-channel-opacity\"\/>\n\n\n\n<h2 class=\"wp-block-heading\">\u00c7anta ve Stil \u0130li\u015fkisi<\/h2>\n\n\n\n<p>\u00c7anta, kad\u0131n stilinin en \u00f6nemli tamamlay\u0131c\u0131lar\u0131ndan biridir. Do\u011fru \u00e7anta se\u00e7imi, sade bir kombini bile \u015f\u0131k hale getirebilir.<\/p>\n\n\n\n<p>\u00d6rne\u011fin:<\/p>\n\n\n\n<ul class=\"wp-block-list\">\n<li>Spor kombin \u2192 \u00e7apraz ask\u0131l\u0131 \u00e7anta<\/li>\n\n\n\n<li>\u0130\u015f stili \u2192 tote veya el \u00e7antas\u0131<\/li>\n\n\n\n<li>Davet \u2192 mini veya clutch<\/li>\n<\/ul>\n\n\n\n<hr class=\"wp-block-separator has-alpha-channel-opacity\"\/>\n\n\n\n<h2 class=\"wp-block-heading\">Online Marka \u00c7anta Alman\u0131n Avantajlar\u0131<\/h2>\n\n\n\n<p>Online al\u0131\u015fveri\u015f, kad\u0131nlara geni\u015f \u00fcr\u00fcn yelpazesi ve uygun fiyat avantaj\u0131 sunar.<\/p>\n\n\n\n<p>Avantajlar\u0131:<\/p>\n\n\n\n<ul class=\"wp-block-list\">\n<li>Kampanya ve indirim<\/li>\n\n\n\n<li>Daha fazla model se\u00e7ene\u011fi<\/li>\n\n\n\n<li>Kolay kar\u015f\u0131la\u015ft\u0131rma<\/li>\n\n\n\n<li>Zaman tasarrufu<\/li>\n<\/ul>\n\n\n\n<hr class=\"wp-block-separator has-alpha-channel-opacity\"\/>\n\n\n\n<h2 class=\"wp-block-heading\">Kad\u0131n Marka \u00c7anta Bak\u0131m\u0131<\/h2>\n\n\n\n<p>Marka \u00e7antalar\u0131n uzun s\u00fcre kullan\u0131labilmesi i\u00e7in bak\u0131m \u00f6nemlidir.<\/p>\n\n\n\n<p>Bak\u0131m \u00f6nerileri:<\/p>\n\n\n\n<ul class=\"wp-block-list\">\n<li>Nemli ortamdan uzak tutmak<\/li>\n\n\n\n<li>\u00d6zel saklama torbas\u0131nda muhafaza etmek<\/li>\n\n\n\n<li>Deri bak\u0131m \u00fcr\u00fcnleri kullanmak<\/li>\n\n\n\n<li>D\u00fczenli temizlemek<\/li>\n<\/ul>\n\n\n\n<hr class=\"wp-block-separator has-alpha-channel-opacity\"\/>\n\n\n\n<h2 class=\"wp-block-heading\">S\u0131k Sorulan Sorular<\/h2>\n\n\n\n<h3 class=\"wp-block-heading\">Marka \u00e7anta neden pahal\u0131d\u0131r?<\/h3>\n\n\n\n<p>Kaliteli malzeme ve tasar\u0131m s\u00fcre\u00e7leri nedeniyle fiyatlar\u0131 y\u00fcksektir.<\/p>\n\n\n\n<h3 class=\"wp-block-heading\">Hangi \u00e7anta modeli her kombine uyar?<\/h3>\n\n\n\n<p>Siyah omuz \u00e7antalar\u0131 en \u00e7ok tercih edilen ve kombinlenen modellerdir.<\/p>\n\n\n\n<h3 class=\"wp-block-heading\">Mini \u00e7antalar kullan\u0131\u015fl\u0131 m\u0131?<\/h3>\n\n\n\n<p>G\u00fcnl\u00fck kullan\u0131m i\u00e7in s\u0131n\u0131rl\u0131 olsa da \u015f\u0131kl\u0131k a\u00e7\u0131s\u0131ndan olduk\u00e7a pop\u00fclerdir.<\/p>\n\n\n\n<h3 class=\"wp-block-heading\">\u00c7anta al\u0131rken hangi renk se\u00e7ilmeli?<\/h3>\n\n\n\n<p>Siyah ve bej tonlar\u0131 en \u00e7ok tercih edilen se\u00e7eneklerdir.<\/p>\n\n\n\n<hr class=\"wp-block-separator has-alpha-channel-opacity\"\/>\n\n\n\n<h2 class=\"wp-block-heading\">Sonu\u00e7<\/h2>\n\n\n\n<p>Kad\u0131n marka \u00e7anta modelleri, hem stil hem de kullan\u0131m a\u00e7\u0131s\u0131ndan b\u00fcy\u00fck \u00f6nem ta\u015f\u0131r. Do\u011fru model se\u00e7ildi\u011finde uzun y\u0131llar kullan\u0131labilir ve kombinlerin vazge\u00e7ilmez tamamlay\u0131c\u0131s\u0131 haline gelir.<\/p>\n\n\n\n<p>Omuz \u00e7antalar\u0131ndan mini \u00e7antalara, tote modellerden gece \u00e7antalar\u0131na kadar geni\u015f se\u00e7enekler sunan marka \u00e7antalar, kad\u0131nlar\u0131n g\u00fcnl\u00fck hayat\u0131n\u0131 kolayla\u015ft\u0131r\u0131rken stilini de yans\u0131t\u0131r.<\/p>\n\n\n\n<p>Online al\u0131\u015fveri\u015f sayesinde en trend ve kaliteli modelleri ke\u015ffetmek art\u0131k \u00e7ok daha kolayd\u0131r. Siz de tarz\u0131n\u0131za ve ihtiya\u00e7lar\u0131n\u0131za uygun kad\u0131n marka \u00e7anta modellerini inceleyerek do\u011fru tercihi yapabilirsiniz.<\/p>\n","protected":false},"excerpt":{"rendered":"<p>Kad\u0131nlar i\u00e7in \u00e7anta, sadece bir aksesuar de\u011fil; stilin, ki\u015fili\u011fin ve g\u00fcnl\u00fck hayat\u0131n vazge\u00e7ilmez bir par\u00e7as\u0131d\u0131r. \u00d6zellikle marka \u00e7anta modelleri, hem<\/p>\n","protected":false},"author":1,"featured_media":0,"comment_status":"open","ping_status":"open","sticky":false,"template":"","format":"standard","meta":{"footnotes":""},"categories":[1],"tags":[],"class_list":["post-22825","post","type-post","status-publish","format-standard","hentry","category-genel"],"yoast_head":"<!-- This site is optimized with the Yoast SEO plugin v27.4 - https:\/\/yoast.com\/product\/yoast-seo-wordpress\/ -->\n<title>En \u00c7ok Tercih Edilen Kad\u0131n Marka \u00c7anta Modelleri - markacantalar.com<\/title>\n<meta name=\"robots\" content=\"index, follow, max-snippet:-1, max-image-preview:large, max-video-preview:-1\" \/>\n<link rel=\"canonical\" href=\"https:\/\/www.markacantalar.com\/index.php\/2026\/02\/21\/en-cok-tercih-edilen-kadin-marka-canta-modelleri\/\" \/>\n<meta property=\"og:locale\" content=\"tr_TR\" \/>\n<meta property=\"og:type\" content=\"article\" \/>\n<meta property=\"og:title\" content=\"En \u00c7ok Tercih Edilen Kad\u0131n Marka \u00c7anta Modelleri - markacantalar.com\" \/>\n<meta property=\"og:description\" content=\"Kad\u0131nlar i\u00e7in \u00e7anta, sadece bir aksesuar de\u011fil; stilin, ki\u015fili\u011fin ve g\u00fcnl\u00fck hayat\u0131n vazge\u00e7ilmez bir par\u00e7as\u0131d\u0131r. \u00d6zellikle marka \u00e7anta modelleri, hem\" \/>\n<meta property=\"og:url\" content=\"https:\/\/www.markacantalar.com\/index.php\/2026\/02\/21\/en-cok-tercih-edilen-kadin-marka-canta-modelleri\/\" \/>\n<meta property=\"og:site_name\" content=\"markacantalar.com\" \/>\n<meta property=\"article:published_time\" content=\"2026-02-21T18:42:57+00:00\" \/>\n<meta property=\"article:modified_time\" content=\"2026-02-21T18:42:58+00:00\" \/>\n<meta name=\"author\" content=\"usrMarCant\" \/>\n<meta name=\"twitter:card\" content=\"summary_large_image\" \/>\n<meta name=\"twitter:label1\" content=\"Yazan:\" \/>\n\t<meta name=\"twitter:data1\" content=\"usrMarCant\" \/>\n\t<meta name=\"twitter:label2\" content=\"Tahmini okuma s\u00fcresi\" \/>\n\t<meta name=\"twitter:data2\" content=\"5 dakika\" \/>\n<script type=\"application\/ld+json\" class=\"yoast-schema-graph\">{\"@context\":\"https:\\\/\\\/schema.org\",\"@graph\":[{\"@type\":\"Article\",\"@id\":\"https:\\\/\\\/www.markacantalar.com\\\/index.php\\\/2026\\\/02\\\/21\\\/en-cok-tercih-edilen-kadin-marka-canta-modelleri\\\/#article\",\"isPartOf\":{\"@id\":\"https:\\\/\\\/www.markacantalar.com\\\/index.php\\\/2026\\\/02\\\/21\\\/en-cok-tercih-edilen-kadin-marka-canta-modelleri\\\/\"},\"author\":{\"name\":\"usrMarCant\",\"@id\":\"https:\\\/\\\/www.markacantalar.com\\\/#\\\/schema\\\/person\\\/a017bfbdf73f004046019eece9fc6334\"},\"headline\":\"En \u00c7ok Tercih Edilen Kad\u0131n Marka \u00c7anta Modelleri\",\"datePublished\":\"2026-02-21T18:42:57+00:00\",\"dateModified\":\"2026-02-21T18:42:58+00:00\",\"mainEntityOfPage\":{\"@id\":\"https:\\\/\\\/www.markacantalar.com\\\/index.php\\\/2026\\\/02\\\/21\\\/en-cok-tercih-edilen-kadin-marka-canta-modelleri\\\/\"},\"wordCount\":1074,\"commentCount\":0,\"articleSection\":[\"MARKA \u00c7ANTALAR\"],\"inLanguage\":\"tr\",\"potentialAction\":[{\"@type\":\"CommentAction\",\"name\":\"Comment\",\"target\":[\"https:\\\/\\\/www.markacantalar.com\\\/index.php\\\/2026\\\/02\\\/21\\\/en-cok-tercih-edilen-kadin-marka-canta-modelleri\\\/#respond\"]}]},{\"@type\":\"WebPage\",\"@id\":\"https:\\\/\\\/www.markacantalar.com\\\/index.php\\\/2026\\\/02\\\/21\\\/en-cok-tercih-edilen-kadin-marka-canta-modelleri\\\/\",\"url\":\"https:\\\/\\\/www.markacantalar.com\\\/index.php\\\/2026\\\/02\\\/21\\\/en-cok-tercih-edilen-kadin-marka-canta-modelleri\\\/\",\"name\":\"En \u00c7ok Tercih Edilen Kad\u0131n Marka \u00c7anta Modelleri - markacantalar.com\",\"isPartOf\":{\"@id\":\"https:\\\/\\\/www.markacantalar.com\\\/#website\"},\"datePublished\":\"2026-02-21T18:42:57+00:00\",\"dateModified\":\"2026-02-21T18:42:58+00:00\",\"author\":{\"@id\":\"https:\\\/\\\/www.markacantalar.com\\\/#\\\/schema\\\/person\\\/a017bfbdf73f004046019eece9fc6334\"},\"breadcrumb\":{\"@id\":\"https:\\\/\\\/www.markacantalar.com\\\/index.php\\\/2026\\\/02\\\/21\\\/en-cok-tercih-edilen-kadin-marka-canta-modelleri\\\/#breadcrumb\"},\"inLanguage\":\"tr\",\"potentialAction\":[{\"@type\":\"ReadAction\",\"target\":[\"https:\\\/\\\/www.markacantalar.com\\\/index.php\\\/2026\\\/02\\\/21\\\/en-cok-tercih-edilen-kadin-marka-canta-modelleri\\\/\"]}]},{\"@type\":\"BreadcrumbList\",\"@id\":\"https:\\\/\\\/www.markacantalar.com\\\/index.php\\\/2026\\\/02\\\/21\\\/en-cok-tercih-edilen-kadin-marka-canta-modelleri\\\/#breadcrumb\",\"itemListElement\":[{\"@type\":\"ListItem\",\"position\":1,\"name\":\"Anasayfa\",\"item\":\"https:\\\/\\\/www.markacantalar.com\\\/\"},{\"@type\":\"ListItem\",\"position\":2,\"name\":\"En \u00c7ok Tercih Edilen Kad\u0131n Marka \u00c7anta Modelleri\"}]},{\"@type\":\"WebSite\",\"@id\":\"https:\\\/\\\/www.markacantalar.com\\\/#website\",\"url\":\"https:\\\/\\\/www.markacantalar.com\\\/\",\"name\":\"markacantalar.com\",\"description\":\"Orijinal ve Birebir Replika \u0130thal D\u00fcnya Markas\u0131 \u00c7anta C\u00fczdan Ayakkab\u0131 Terlik Valiz\",\"potentialAction\":[{\"@type\":\"SearchAction\",\"target\":{\"@type\":\"EntryPoint\",\"urlTemplate\":\"https:\\\/\\\/www.markacantalar.com\\\/?s={search_term_string}\"},\"query-input\":{\"@type\":\"PropertyValueSpecification\",\"valueRequired\":true,\"valueName\":\"search_term_string\"}}],\"inLanguage\":\"tr\"},{\"@type\":\"Person\",\"@id\":\"https:\\\/\\\/www.markacantalar.com\\\/#\\\/schema\\\/person\\\/a017bfbdf73f004046019eece9fc6334\",\"name\":\"usrMarCant\",\"image\":{\"@type\":\"ImageObject\",\"inLanguage\":\"tr\",\"@id\":\"https:\\\/\\\/secure.gravatar.com\\\/avatar\\\/7ab6667b3f7db731bc1d79f4fa8ef06cdb733f8332ecd50f068ee89762c485e3?s=96&d=mm&r=g\",\"url\":\"https:\\\/\\\/secure.gravatar.com\\\/avatar\\\/7ab6667b3f7db731bc1d79f4fa8ef06cdb733f8332ecd50f068ee89762c485e3?s=96&d=mm&r=g\",\"contentUrl\":\"https:\\\/\\\/secure.gravatar.com\\\/avatar\\\/7ab6667b3f7db731bc1d79f4fa8ef06cdb733f8332ecd50f068ee89762c485e3?s=96&d=mm&r=g\",\"caption\":\"usrMarCant\"},\"sameAs\":[\"https:\\\/\\\/www.markacantalar.com\"],\"url\":\"https:\\\/\\\/www.markacantalar.com\\\/index.php\\\/author\\\/usrmarcant\\\/\"}]}<\/script>\n<!-- \/ Yoast SEO plugin. -->","yoast_head_json":{"title":"En \u00c7ok Tercih Edilen Kad\u0131n Marka \u00c7anta Modelleri - markacantalar.com","robots":{"index":"index","follow":"follow","max-snippet":"max-snippet:-1","max-image-preview":"max-image-preview:large","max-video-preview":"max-video-preview:-1"},"canonical":"https:\/\/www.markacantalar.com\/index.php\/2026\/02\/21\/en-cok-tercih-edilen-kadin-marka-canta-modelleri\/","og_locale":"tr_TR","og_type":"article","og_title":"En \u00c7ok Tercih Edilen Kad\u0131n Marka \u00c7anta Modelleri - markacantalar.com","og_description":"Kad\u0131nlar i\u00e7in \u00e7anta, sadece bir aksesuar de\u011fil; stilin, ki\u015fili\u011fin ve g\u00fcnl\u00fck hayat\u0131n vazge\u00e7ilmez bir par\u00e7as\u0131d\u0131r. \u00d6zellikle marka \u00e7anta modelleri, hem","og_url":"https:\/\/www.markacantalar.com\/index.php\/2026\/02\/21\/en-cok-tercih-edilen-kadin-marka-canta-modelleri\/","og_site_name":"markacantalar.com","article_published_time":"2026-02-21T18:42:57+00:00","article_modified_time":"2026-02-21T18:42:58+00:00","author":"usrMarCant","twitter_card":"summary_large_image","twitter_misc":{"Yazan:":"usrMarCant","Tahmini okuma s\u00fcresi":"5 dakika"},"schema":{"@context":"https:\/\/schema.org","@graph":[{"@type":"Article","@id":"https:\/\/www.markacantalar.com\/index.php\/2026\/02\/21\/en-cok-tercih-edilen-kadin-marka-canta-modelleri\/#article","isPartOf":{"@id":"https:\/\/www.markacantalar.com\/index.php\/2026\/02\/21\/en-cok-tercih-edilen-kadin-marka-canta-modelleri\/"},"author":{"name":"usrMarCant","@id":"https:\/\/www.markacantalar.com\/#\/schema\/person\/a017bfbdf73f004046019eece9fc6334"},"headline":"En \u00c7ok Tercih Edilen Kad\u0131n Marka \u00c7anta Modelleri","datePublished":"2026-02-21T18:42:57+00:00","dateModified":"2026-02-21T18:42:58+00:00","mainEntityOfPage":{"@id":"https:\/\/www.markacantalar.com\/index.php\/2026\/02\/21\/en-cok-tercih-edilen-kadin-marka-canta-modelleri\/"},"wordCount":1074,"commentCount":0,"articleSection":["MARKA \u00c7ANTALAR"],"inLanguage":"tr","potentialAction":[{"@type":"CommentAction","name":"Comment","target":["https:\/\/www.markacantalar.com\/index.php\/2026\/02\/21\/en-cok-tercih-edilen-kadin-marka-canta-modelleri\/#respond"]}]},{"@type":"WebPage","@id":"https:\/\/www.markacantalar.com\/index.php\/2026\/02\/21\/en-cok-tercih-edilen-kadin-marka-canta-modelleri\/","url":"https:\/\/www.markacantalar.com\/index.php\/2026\/02\/21\/en-cok-tercih-edilen-kadin-marka-canta-modelleri\/","name":"En \u00c7ok Tercih Edilen Kad\u0131n Marka \u00c7anta Modelleri - markacantalar.com","isPartOf":{"@id":"https:\/\/www.markacantalar.com\/#website"},"datePublished":"2026-02-21T18:42:57+00:00","dateModified":"2026-02-21T18:42:58+00:00","author":{"@id":"https:\/\/www.markacantalar.com\/#\/schema\/person\/a017bfbdf73f004046019eece9fc6334"},"breadcrumb":{"@id":"https:\/\/www.markacantalar.com\/index.php\/2026\/02\/21\/en-cok-tercih-edilen-kadin-marka-canta-modelleri\/#breadcrumb"},"inLanguage":"tr","potentialAction":[{"@type":"ReadAction","target":["https:\/\/www.markacantalar.com\/index.php\/2026\/02\/21\/en-cok-tercih-edilen-kadin-marka-canta-modelleri\/"]}]},{"@type":"BreadcrumbList","@id":"https:\/\/www.markacantalar.com\/index.php\/2026\/02\/21\/en-cok-tercih-edilen-kadin-marka-canta-modelleri\/#breadcrumb","itemListElement":[{"@type":"ListItem","position":1,"name":"Anasayfa","item":"https:\/\/www.markacantalar.com\/"},{"@type":"ListItem","position":2,"name":"En \u00c7ok Tercih Edilen Kad\u0131n Marka \u00c7anta Modelleri"}]},{"@type":"WebSite","@id":"https:\/\/www.markacantalar.com\/#website","url":"https:\/\/www.markacantalar.com\/","name":"markacantalar.com","description":"Orijinal ve Birebir Replika \u0130thal D\u00fcnya Markas\u0131 \u00c7anta C\u00fczdan Ayakkab\u0131 Terlik Valiz","potentialAction":[{"@type":"SearchAction","target":{"@type":"EntryPoint","urlTemplate":"https:\/\/www.markacantalar.com\/?s={search_term_string}"},"query-input":{"@type":"PropertyValueSpecification","valueRequired":true,"valueName":"search_term_string"}}],"inLanguage":"tr"},{"@type":"Person","@id":"https:\/\/www.markacantalar.com\/#\/schema\/person\/a017bfbdf73f004046019eece9fc6334","name":"usrMarCant","image":{"@type":"ImageObject","inLanguage":"tr","@id":"https:\/\/secure.gravatar.com\/avatar\/7ab6667b3f7db731bc1d79f4fa8ef06cdb733f8332ecd50f068ee89762c485e3?s=96&d=mm&r=g","url":"https:\/\/secure.gravatar.com\/avatar\/7ab6667b3f7db731bc1d79f4fa8ef06cdb733f8332ecd50f068ee89762c485e3?s=96&d=mm&r=g","contentUrl":"https:\/\/secure.gravatar.com\/avatar\/7ab6667b3f7db731bc1d79f4fa8ef06cdb733f8332ecd50f068ee89762c485e3?s=96&d=mm&r=g","caption":"usrMarCant"},"sameAs":["https:\/\/www.markacantalar.com"],"url":"https:\/\/www.markacantalar.com\/index.php\/author\/usrmarcant\/"}]}},"_links":{"self":[{"href":"https:\/\/www.markacantalar.com\/index.php\/wp-json\/wp\/v2\/posts\/22825","targetHints":{"allow":["GET"]}}],"collection":[{"href":"https:\/\/www.markacantalar.com\/index.php\/wp-json\/wp\/v2\/posts"}],"about":[{"href":"https:\/\/www.markacantalar.com\/index.php\/wp-json\/wp\/v2\/types\/post"}],"author":[{"embeddable":true,"href":"https:\/\/www.markacantalar.com\/index.php\/wp-json\/wp\/v2\/users\/1"}],"replies":[{"embeddable":true,"href":"https:\/\/www.markacantalar.com\/index.php\/wp-json\/wp\/v2\/comments?post=22825"}],"version-history":[{"count":1,"href":"https:\/\/www.markacantalar.com\/index.php\/wp-json\/wp\/v2\/posts\/22825\/revisions"}],"predecessor-version":[{"id":22826,"href":"https:\/\/www.markacantalar.com\/index.php\/wp-json\/wp\/v2\/posts\/22825\/revisions\/22826"}],"wp:attachment":[{"href":"https:\/\/www.markacantalar.com\/index.php\/wp-json\/wp\/v2\/media?parent=22825"}],"wp:term":[{"taxonomy":"category","embeddable":true,"href":"https:\/\/www.markacantalar.com\/index.php\/wp-json\/wp\/v2\/categories?post=22825"},{"taxonomy":"post_tag","embeddable":true,"href":"https:\/\/www.markacantalar.com\/index.php\/wp-json\/wp\/v2\/tags?post=22825"}],"curies":[{"name":"wp","href":"https:\/\/api.w.org\/{rel}","templated":true}]}}