{"id":19439,"date":"2024-03-23T18:55:15","date_gmt":"2024-03-23T15:55:15","guid":{"rendered":"https:\/\/www.markacantalar.com\/?p=19439"},"modified":"2024-03-23T18:55:23","modified_gmt":"2024-03-23T15:55:23","slug":"en-iyi-birebir-ozel-uretim-louis-vuitton-cantalar-burada","status":"publish","type":"post","link":"https:\/\/www.markacantalar.com\/index.php\/2024\/03\/23\/en-iyi-birebir-ozel-uretim-louis-vuitton-cantalar-burada\/","title":{"rendered":"En \u0130yi birebir \u00d6zel \u00dcretim Louis Vuitton \u00c7antalar Burada!"},"content":{"rendered":"\n<p>Louis Vuitton tutkunlar\u0131 i\u00e7in \u00f6zel tasar\u0131m \u00e7antalara olan ilgi her ge\u00e7en g\u00fcn art\u0131yor. Kalite ve l\u00fcks\u00fcn simgesi haline gelen Louis Vuitton \u00e7antalar\u0131, ki\u015fiselle\u015ftirilmi\u015f versiyonlar\u0131yla hayranlar\u0131n\u0131n be\u011fenisini kazan\u0131yor. Siz de bu e\u015fsiz par\u00e7alardan birine sahip olmak ve tarz\u0131n\u0131za yepyeni bir boyut katmak istiyorsan\u0131z do\u011fru adrestesiniz.<\/p>\n\n\n\n<p>Firmam\u0131z, en \u00fcst d\u00fczey el i\u015f\u00e7ili\u011fiyle \u00fcretilmi\u015f \u00f6zel Louis Vuitton \u00e7antalar\u0131n\u0131 sizlerle bulu\u015fturuyor. Her biri titizlikle se\u00e7ilmi\u015f malzemelerle ve uzman eller taraf\u0131ndan i\u015flenerek hayat bulan \u00e7antalar\u0131m\u0131z, sizin i\u00e7in \u00f6zel olarak tasarlan\u0131yor. Tarz\u0131n\u0131z\u0131 ve ki\u015fili\u011finizi yans\u0131tan detaylarla bezeli olan bu \u00e7antalar, g\u00f6z kama\u015ft\u0131r\u0131c\u0131 bir \u015f\u0131kl\u0131k sunuyor.<\/p>\n\n\n\n<p>Neden \u00d6zel \u00dcretim Louis Vuitton \u00c7antalar\u0131?<\/p>\n\n\n\n<ul class=\"wp-block-list\">\n<li><strong>Ki\u015fiselle\u015ftirilmi\u015f Tasar\u0131m<\/strong>: Her bir \u00e7anta, sizin istekleriniz do\u011frultusunda \u00f6zel olarak tasarlan\u0131r. Renk, desen, boyut ve detaylar tamamen sizin zevkinize g\u00f6re \u015fekillendirilir.<\/li>\n\n\n\n<li><strong>\u00dcst\u00fcn Kalite<\/strong>: Firmam\u0131z, en kaliteli malzemeleri kullanarak bire bir \u00fcretim \u00e7antalar\u0131n\u0131 hayata ge\u00e7irir. Dayan\u0131kl\u0131l\u0131\u011f\u0131 ve \u015f\u0131kl\u0131\u011f\u0131 bir arada sunan \u00e7antalar\u0131m\u0131z uzun y\u0131llar boyunca size e\u015flik eder.<\/li>\n\n\n\n<li><strong>E\u015fsizlik ve Nadirlik<\/strong>: Her bir \u00e7anta, sadece sizin i\u00e7in \u00fcretildi\u011fi i\u00e7in e\u015fsizdir. Bu \u00f6zel par\u00e7alar, nadir bulunan ve s\u0131n\u0131rl\u0131 say\u0131da \u00fcretilen tasar\u0131mlar\u0131n birebir \u00fcretilmi\u015f \u00fcr\u00fcnlerdir.<\/li>\n<\/ul>\n\n\n\n<p>Neden Biz?<\/p>\n\n\n\n<ul class=\"wp-block-list\">\n<li><strong>Deneyimli Uzmanlar<\/strong>: Firmam\u0131z, sekt\u00f6rde uzun y\u0131llara dayanan tecr\u00fcbesiyle \u00f6ne \u00e7\u0131kar. Alan\u0131nda uzmanla\u015fm\u0131\u015f ekip arkada\u015flar\u0131m\u0131z, en iyi hizmeti sunmak i\u00e7in \u00e7al\u0131\u015f\u0131r.<\/li>\n\n\n\n<li><strong>M\u00fc\u015fteri Memnuniyeti<\/strong>: M\u00fc\u015fteri memnuniyeti bizim i\u00e7in en \u00f6nemli \u00f6nceliktir. Siz de\u011ferli m\u00fc\u015fterilerimizin beklentilerini kar\u015f\u0131lamak ve hatta a\u015fmak i\u00e7in \u00e7aba sarf ederiz.<\/li>\n\n\n\n<li><strong>G\u00fcvenilirlik<\/strong>: Firmam\u0131z, g\u00fcvenilir bir i\u015f orta\u011f\u0131d\u0131r. Sipari\u015finizin her a\u015famas\u0131nda size destek olmak ve g\u00fcvenli al\u0131\u015fveri\u015f deneyimi sunmak i\u00e7in buraday\u0131z.<\/li>\n<\/ul>\n\n\n\n<p>Art\u0131k s\u0131radanl\u0131ktan uzakla\u015farak tarz\u0131n\u0131z\u0131 en \u00f6zel par\u00e7alarla tamamlayabilirsiniz. Siz de kaliteli ve ki\u015fiselle\u015ftirilmi\u015f Louis Vuitton \u00e7antalar\u0131 ar\u0131yorsan\u0131z, do\u011fru yerdesiniz. Hemen bizimle ileti\u015fime ge\u00e7in ve size \u00f6zel tasarlanm\u0131\u015f \u00e7antan\u0131za sahip olman\u0131n keyfini ya\u015fay\u0131n!<\/p>\n","protected":false},"excerpt":{"rendered":"<p>Louis Vuitton tutkunlar\u0131 i\u00e7in \u00f6zel tasar\u0131m \u00e7antalara olan ilgi her ge\u00e7en g\u00fcn art\u0131yor. Kalite ve l\u00fcks\u00fcn simgesi haline gelen Louis<\/p>\n","protected":false},"author":1,"featured_media":0,"comment_status":"open","ping_status":"open","sticky":false,"template":"","format":"standard","meta":{"footnotes":""},"categories":[1],"tags":[],"class_list":["post-19439","post","type-post","status-publish","format-standard","hentry","category-genel"],"yoast_head":"<!-- This site is optimized with the Yoast SEO plugin v27.4 - https:\/\/yoast.com\/product\/yoast-seo-wordpress\/ -->\n<title>En \u0130yi birebir \u00d6zel \u00dcretim Louis Vuitton \u00c7antalar Burada! - markacantalar.com<\/title>\n<meta name=\"robots\" content=\"index, follow, max-snippet:-1, max-image-preview:large, max-video-preview:-1\" \/>\n<link rel=\"canonical\" href=\"https:\/\/www.markacantalar.com\/index.php\/2024\/03\/23\/en-iyi-birebir-ozel-uretim-louis-vuitton-cantalar-burada\/\" \/>\n<meta property=\"og:locale\" content=\"tr_TR\" \/>\n<meta property=\"og:type\" content=\"article\" \/>\n<meta property=\"og:title\" content=\"En \u0130yi birebir \u00d6zel \u00dcretim Louis Vuitton \u00c7antalar Burada! - markacantalar.com\" \/>\n<meta property=\"og:description\" content=\"Louis Vuitton tutkunlar\u0131 i\u00e7in \u00f6zel tasar\u0131m \u00e7antalara olan ilgi her ge\u00e7en g\u00fcn art\u0131yor. Kalite ve l\u00fcks\u00fcn simgesi haline gelen Louis\" \/>\n<meta property=\"og:url\" content=\"https:\/\/www.markacantalar.com\/index.php\/2024\/03\/23\/en-iyi-birebir-ozel-uretim-louis-vuitton-cantalar-burada\/\" \/>\n<meta property=\"og:site_name\" content=\"markacantalar.com\" \/>\n<meta property=\"article:published_time\" content=\"2024-03-23T15:55:15+00:00\" \/>\n<meta property=\"article:modified_time\" content=\"2024-03-23T15:55:23+00:00\" \/>\n<meta name=\"author\" content=\"usrMarCant\" \/>\n<meta name=\"twitter:card\" content=\"summary_large_image\" \/>\n<meta name=\"twitter:label1\" content=\"Yazan:\" \/>\n\t<meta name=\"twitter:data1\" content=\"usrMarCant\" \/>\n\t<meta name=\"twitter:label2\" content=\"Tahmini okuma s\u00fcresi\" \/>\n\t<meta name=\"twitter:data2\" content=\"2 dakika\" \/>\n<script type=\"application\/ld+json\" class=\"yoast-schema-graph\">{\"@context\":\"https:\\\/\\\/schema.org\",\"@graph\":[{\"@type\":\"Article\",\"@id\":\"https:\\\/\\\/www.markacantalar.com\\\/index.php\\\/2024\\\/03\\\/23\\\/en-iyi-birebir-ozel-uretim-louis-vuitton-cantalar-burada\\\/#article\",\"isPartOf\":{\"@id\":\"https:\\\/\\\/www.markacantalar.com\\\/index.php\\\/2024\\\/03\\\/23\\\/en-iyi-birebir-ozel-uretim-louis-vuitton-cantalar-burada\\\/\"},\"author\":{\"name\":\"usrMarCant\",\"@id\":\"https:\\\/\\\/www.markacantalar.com\\\/#\\\/schema\\\/person\\\/a017bfbdf73f004046019eece9fc6334\"},\"headline\":\"En \u0130yi birebir \u00d6zel \u00dcretim Louis Vuitton \u00c7antalar Burada!\",\"datePublished\":\"2024-03-23T15:55:15+00:00\",\"dateModified\":\"2024-03-23T15:55:23+00:00\",\"mainEntityOfPage\":{\"@id\":\"https:\\\/\\\/www.markacantalar.com\\\/index.php\\\/2024\\\/03\\\/23\\\/en-iyi-birebir-ozel-uretim-louis-vuitton-cantalar-burada\\\/\"},\"wordCount\":390,\"commentCount\":0,\"articleSection\":[\"MARKA \u00c7ANTALAR\"],\"inLanguage\":\"tr\",\"potentialAction\":[{\"@type\":\"CommentAction\",\"name\":\"Comment\",\"target\":[\"https:\\\/\\\/www.markacantalar.com\\\/index.php\\\/2024\\\/03\\\/23\\\/en-iyi-birebir-ozel-uretim-louis-vuitton-cantalar-burada\\\/#respond\"]}]},{\"@type\":\"WebPage\",\"@id\":\"https:\\\/\\\/www.markacantalar.com\\\/index.php\\\/2024\\\/03\\\/23\\\/en-iyi-birebir-ozel-uretim-louis-vuitton-cantalar-burada\\\/\",\"url\":\"https:\\\/\\\/www.markacantalar.com\\\/index.php\\\/2024\\\/03\\\/23\\\/en-iyi-birebir-ozel-uretim-louis-vuitton-cantalar-burada\\\/\",\"name\":\"En \u0130yi birebir \u00d6zel \u00dcretim Louis Vuitton \u00c7antalar Burada! - markacantalar.com\",\"isPartOf\":{\"@id\":\"https:\\\/\\\/www.markacantalar.com\\\/#website\"},\"datePublished\":\"2024-03-23T15:55:15+00:00\",\"dateModified\":\"2024-03-23T15:55:23+00:00\",\"author\":{\"@id\":\"https:\\\/\\\/www.markacantalar.com\\\/#\\\/schema\\\/person\\\/a017bfbdf73f004046019eece9fc6334\"},\"breadcrumb\":{\"@id\":\"https:\\\/\\\/www.markacantalar.com\\\/index.php\\\/2024\\\/03\\\/23\\\/en-iyi-birebir-ozel-uretim-louis-vuitton-cantalar-burada\\\/#breadcrumb\"},\"inLanguage\":\"tr\",\"potentialAction\":[{\"@type\":\"ReadAction\",\"target\":[\"https:\\\/\\\/www.markacantalar.com\\\/index.php\\\/2024\\\/03\\\/23\\\/en-iyi-birebir-ozel-uretim-louis-vuitton-cantalar-burada\\\/\"]}]},{\"@type\":\"BreadcrumbList\",\"@id\":\"https:\\\/\\\/www.markacantalar.com\\\/index.php\\\/2024\\\/03\\\/23\\\/en-iyi-birebir-ozel-uretim-louis-vuitton-cantalar-burada\\\/#breadcrumb\",\"itemListElement\":[{\"@type\":\"ListItem\",\"position\":1,\"name\":\"Anasayfa\",\"item\":\"https:\\\/\\\/www.markacantalar.com\\\/\"},{\"@type\":\"ListItem\",\"position\":2,\"name\":\"En \u0130yi birebir \u00d6zel \u00dcretim Louis Vuitton \u00c7antalar Burada!\"}]},{\"@type\":\"WebSite\",\"@id\":\"https:\\\/\\\/www.markacantalar.com\\\/#website\",\"url\":\"https:\\\/\\\/www.markacantalar.com\\\/\",\"name\":\"markacantalar.com\",\"description\":\"Orijinal ve Birebir Replika \u0130thal D\u00fcnya Markas\u0131 \u00c7anta C\u00fczdan Ayakkab\u0131 Terlik Valiz\",\"potentialAction\":[{\"@type\":\"SearchAction\",\"target\":{\"@type\":\"EntryPoint\",\"urlTemplate\":\"https:\\\/\\\/www.markacantalar.com\\\/?s={search_term_string}\"},\"query-input\":{\"@type\":\"PropertyValueSpecification\",\"valueRequired\":true,\"valueName\":\"search_term_string\"}}],\"inLanguage\":\"tr\"},{\"@type\":\"Person\",\"@id\":\"https:\\\/\\\/www.markacantalar.com\\\/#\\\/schema\\\/person\\\/a017bfbdf73f004046019eece9fc6334\",\"name\":\"usrMarCant\",\"image\":{\"@type\":\"ImageObject\",\"inLanguage\":\"tr\",\"@id\":\"https:\\\/\\\/secure.gravatar.com\\\/avatar\\\/7ab6667b3f7db731bc1d79f4fa8ef06cdb733f8332ecd50f068ee89762c485e3?s=96&d=mm&r=g\",\"url\":\"https:\\\/\\\/secure.gravatar.com\\\/avatar\\\/7ab6667b3f7db731bc1d79f4fa8ef06cdb733f8332ecd50f068ee89762c485e3?s=96&d=mm&r=g\",\"contentUrl\":\"https:\\\/\\\/secure.gravatar.com\\\/avatar\\\/7ab6667b3f7db731bc1d79f4fa8ef06cdb733f8332ecd50f068ee89762c485e3?s=96&d=mm&r=g\",\"caption\":\"usrMarCant\"},\"sameAs\":[\"https:\\\/\\\/www.markacantalar.com\"],\"url\":\"https:\\\/\\\/www.markacantalar.com\\\/index.php\\\/author\\\/usrmarcant\\\/\"}]}<\/script>\n<!-- \/ Yoast SEO plugin. -->","yoast_head_json":{"title":"En \u0130yi birebir \u00d6zel \u00dcretim Louis Vuitton \u00c7antalar Burada! - markacantalar.com","robots":{"index":"index","follow":"follow","max-snippet":"max-snippet:-1","max-image-preview":"max-image-preview:large","max-video-preview":"max-video-preview:-1"},"canonical":"https:\/\/www.markacantalar.com\/index.php\/2024\/03\/23\/en-iyi-birebir-ozel-uretim-louis-vuitton-cantalar-burada\/","og_locale":"tr_TR","og_type":"article","og_title":"En \u0130yi birebir \u00d6zel \u00dcretim Louis Vuitton \u00c7antalar Burada! - markacantalar.com","og_description":"Louis Vuitton tutkunlar\u0131 i\u00e7in \u00f6zel tasar\u0131m \u00e7antalara olan ilgi her ge\u00e7en g\u00fcn art\u0131yor. Kalite ve l\u00fcks\u00fcn simgesi haline gelen Louis","og_url":"https:\/\/www.markacantalar.com\/index.php\/2024\/03\/23\/en-iyi-birebir-ozel-uretim-louis-vuitton-cantalar-burada\/","og_site_name":"markacantalar.com","article_published_time":"2024-03-23T15:55:15+00:00","article_modified_time":"2024-03-23T15:55:23+00:00","author":"usrMarCant","twitter_card":"summary_large_image","twitter_misc":{"Yazan:":"usrMarCant","Tahmini okuma s\u00fcresi":"2 dakika"},"schema":{"@context":"https:\/\/schema.org","@graph":[{"@type":"Article","@id":"https:\/\/www.markacantalar.com\/index.php\/2024\/03\/23\/en-iyi-birebir-ozel-uretim-louis-vuitton-cantalar-burada\/#article","isPartOf":{"@id":"https:\/\/www.markacantalar.com\/index.php\/2024\/03\/23\/en-iyi-birebir-ozel-uretim-louis-vuitton-cantalar-burada\/"},"author":{"name":"usrMarCant","@id":"https:\/\/www.markacantalar.com\/#\/schema\/person\/a017bfbdf73f004046019eece9fc6334"},"headline":"En \u0130yi birebir \u00d6zel \u00dcretim Louis Vuitton \u00c7antalar Burada!","datePublished":"2024-03-23T15:55:15+00:00","dateModified":"2024-03-23T15:55:23+00:00","mainEntityOfPage":{"@id":"https:\/\/www.markacantalar.com\/index.php\/2024\/03\/23\/en-iyi-birebir-ozel-uretim-louis-vuitton-cantalar-burada\/"},"wordCount":390,"commentCount":0,"articleSection":["MARKA \u00c7ANTALAR"],"inLanguage":"tr","potentialAction":[{"@type":"CommentAction","name":"Comment","target":["https:\/\/www.markacantalar.com\/index.php\/2024\/03\/23\/en-iyi-birebir-ozel-uretim-louis-vuitton-cantalar-burada\/#respond"]}]},{"@type":"WebPage","@id":"https:\/\/www.markacantalar.com\/index.php\/2024\/03\/23\/en-iyi-birebir-ozel-uretim-louis-vuitton-cantalar-burada\/","url":"https:\/\/www.markacantalar.com\/index.php\/2024\/03\/23\/en-iyi-birebir-ozel-uretim-louis-vuitton-cantalar-burada\/","name":"En \u0130yi birebir \u00d6zel \u00dcretim Louis Vuitton \u00c7antalar Burada! - markacantalar.com","isPartOf":{"@id":"https:\/\/www.markacantalar.com\/#website"},"datePublished":"2024-03-23T15:55:15+00:00","dateModified":"2024-03-23T15:55:23+00:00","author":{"@id":"https:\/\/www.markacantalar.com\/#\/schema\/person\/a017bfbdf73f004046019eece9fc6334"},"breadcrumb":{"@id":"https:\/\/www.markacantalar.com\/index.php\/2024\/03\/23\/en-iyi-birebir-ozel-uretim-louis-vuitton-cantalar-burada\/#breadcrumb"},"inLanguage":"tr","potentialAction":[{"@type":"ReadAction","target":["https:\/\/www.markacantalar.com\/index.php\/2024\/03\/23\/en-iyi-birebir-ozel-uretim-louis-vuitton-cantalar-burada\/"]}]},{"@type":"BreadcrumbList","@id":"https:\/\/www.markacantalar.com\/index.php\/2024\/03\/23\/en-iyi-birebir-ozel-uretim-louis-vuitton-cantalar-burada\/#breadcrumb","itemListElement":[{"@type":"ListItem","position":1,"name":"Anasayfa","item":"https:\/\/www.markacantalar.com\/"},{"@type":"ListItem","position":2,"name":"En \u0130yi birebir \u00d6zel \u00dcretim Louis Vuitton \u00c7antalar Burada!"}]},{"@type":"WebSite","@id":"https:\/\/www.markacantalar.com\/#website","url":"https:\/\/www.markacantalar.com\/","name":"markacantalar.com","description":"Orijinal ve Birebir Replika \u0130thal D\u00fcnya Markas\u0131 \u00c7anta C\u00fczdan Ayakkab\u0131 Terlik Valiz","potentialAction":[{"@type":"SearchAction","target":{"@type":"EntryPoint","urlTemplate":"https:\/\/www.markacantalar.com\/?s={search_term_string}"},"query-input":{"@type":"PropertyValueSpecification","valueRequired":true,"valueName":"search_term_string"}}],"inLanguage":"tr"},{"@type":"Person","@id":"https:\/\/www.markacantalar.com\/#\/schema\/person\/a017bfbdf73f004046019eece9fc6334","name":"usrMarCant","image":{"@type":"ImageObject","inLanguage":"tr","@id":"https:\/\/secure.gravatar.com\/avatar\/7ab6667b3f7db731bc1d79f4fa8ef06cdb733f8332ecd50f068ee89762c485e3?s=96&d=mm&r=g","url":"https:\/\/secure.gravatar.com\/avatar\/7ab6667b3f7db731bc1d79f4fa8ef06cdb733f8332ecd50f068ee89762c485e3?s=96&d=mm&r=g","contentUrl":"https:\/\/secure.gravatar.com\/avatar\/7ab6667b3f7db731bc1d79f4fa8ef06cdb733f8332ecd50f068ee89762c485e3?s=96&d=mm&r=g","caption":"usrMarCant"},"sameAs":["https:\/\/www.markacantalar.com"],"url":"https:\/\/www.markacantalar.com\/index.php\/author\/usrmarcant\/"}]}},"_links":{"self":[{"href":"https:\/\/www.markacantalar.com\/index.php\/wp-json\/wp\/v2\/posts\/19439","targetHints":{"allow":["GET"]}}],"collection":[{"href":"https:\/\/www.markacantalar.com\/index.php\/wp-json\/wp\/v2\/posts"}],"about":[{"href":"https:\/\/www.markacantalar.com\/index.php\/wp-json\/wp\/v2\/types\/post"}],"author":[{"embeddable":true,"href":"https:\/\/www.markacantalar.com\/index.php\/wp-json\/wp\/v2\/users\/1"}],"replies":[{"embeddable":true,"href":"https:\/\/www.markacantalar.com\/index.php\/wp-json\/wp\/v2\/comments?post=19439"}],"version-history":[{"count":0,"href":"https:\/\/www.markacantalar.com\/index.php\/wp-json\/wp\/v2\/posts\/19439\/revisions"}],"wp:attachment":[{"href":"https:\/\/www.markacantalar.com\/index.php\/wp-json\/wp\/v2\/media?parent=19439"}],"wp:term":[{"taxonomy":"category","embeddable":true,"href":"https:\/\/www.markacantalar.com\/index.php\/wp-json\/wp\/v2\/categories?post=19439"},{"taxonomy":"post_tag","embeddable":true,"href":"https:\/\/www.markacantalar.com\/index.php\/wp-json\/wp\/v2\/tags?post=19439"}],"curies":[{"name":"wp","href":"https:\/\/api.w.org\/{rel}","templated":true}]}}