{"id":17636,"date":"2023-09-02T16:06:59","date_gmt":"2023-09-02T13:06:59","guid":{"rendered":"https:\/\/www.markacantalar.com\/?p=17636"},"modified":"2023-09-02T16:07:07","modified_gmt":"2023-09-02T13:07:07","slug":"marka-terlik-ve-kemerlerin-moda-icindeki-yeri","status":"publish","type":"post","link":"https:\/\/www.markacantalar.com\/index.php\/2023\/09\/02\/marka-terlik-ve-kemerlerin-moda-icindeki-yeri\/","title":{"rendered":"Marka Terlik ve Kemerlerin Moda \u0130\u00e7indeki Yeri"},"content":{"rendered":"\n<p>Marka terlikler ve kemerler, giyim tarz\u0131n\u0131z\u0131 tamamlaman\u0131n harika bir yolunu sunar. Bu aksesuarlar, l\u00fcks markalar\u0131n esteti\u011fini ve prestijini yans\u0131t\u0131r.<\/p>\n\n\n\n<p>Yves Saint Laurent, Hermes, Chanel gibi markalar\u0131n terlik koleksiyonlar\u0131, hem rahatl\u0131\u011f\u0131 hem de zarafeti bir araya getirir. Genellikle \u00fcst\u00fcn kalitede deri veya di\u011fer l\u00fcks materyaller kullan\u0131larak \u00fcretilen bu terlikler, yaz aylar\u0131nda veya tatilde rahatl\u0131kla kullan\u0131labilir.<\/p>\n\n\n\n<p>Ayn\u0131 markalar\u0131n kemer koleksiyonlar\u0131 da l\u00fcks ve \u015f\u0131k tasar\u0131mlar\u0131yla g\u00f6z doldurur. Bir marka kemeri, sade bir elbisenin veya pantolonun bile \u015f\u0131kl\u0131\u011f\u0131n\u0131 art\u0131rabilir. Marka kemerler, genellikle markan\u0131n logosu veya sembollerini \u00fczerinde ta\u015f\u0131r, bu da markan\u0131n prestijini vurgular.<\/p>\n\n\n\n<p>Bu marka terlikler ve kemerler, her tarza ve duruma uygun \u00e7e\u015fitli se\u00e7enekler sunar. G\u00fcnl\u00fck kullan\u0131m i\u00e7in daha sade tasar\u0131mlar veya \u00f6zel etkinlikler i\u00e7in daha zarif ve dikkat \u00e7ekici modeller aras\u0131ndan se\u00e7im yapabilirsiniz.<\/p>\n\n\n\n<p>Sonu\u00e7 olarak, marka terlikler ve kemerler, stilinizi tamamlaman\u0131n m\u00fckemmel bir yolunu sunar. Bu aksesuarlar, l\u00fcks markalar\u0131n esteti\u011fini ve kalitesini yans\u0131t\u0131r ve giyim tarz\u0131n\u0131z\u0131 \u00f6zel k\u0131lar.<\/p>\n","protected":false},"excerpt":{"rendered":"<p>Marka terlikler ve kemerler, giyim tarz\u0131n\u0131z\u0131 tamamlaman\u0131n harika bir yolunu sunar. Bu aksesuarlar, l\u00fcks markalar\u0131n esteti\u011fini ve prestijini yans\u0131t\u0131r. Yves<\/p>\n","protected":false},"author":1,"featured_media":0,"comment_status":"open","ping_status":"open","sticky":false,"template":"","format":"standard","meta":{"footnotes":""},"categories":[1],"tags":[],"class_list":["post-17636","post","type-post","status-publish","format-standard","hentry","category-genel"],"yoast_head":"<!-- This site is optimized with the Yoast SEO plugin v27.4 - https:\/\/yoast.com\/product\/yoast-seo-wordpress\/ -->\n<title>Marka Terlik ve Kemerlerin Moda \u0130\u00e7indeki Yeri - markacantalar.com<\/title>\n<meta name=\"robots\" content=\"index, follow, max-snippet:-1, max-image-preview:large, max-video-preview:-1\" \/>\n<link rel=\"canonical\" href=\"https:\/\/www.markacantalar.com\/index.php\/2023\/09\/02\/marka-terlik-ve-kemerlerin-moda-icindeki-yeri\/\" \/>\n<meta property=\"og:locale\" content=\"tr_TR\" \/>\n<meta property=\"og:type\" content=\"article\" \/>\n<meta property=\"og:title\" content=\"Marka Terlik ve Kemerlerin Moda \u0130\u00e7indeki Yeri - markacantalar.com\" \/>\n<meta property=\"og:description\" content=\"Marka terlikler ve kemerler, giyim tarz\u0131n\u0131z\u0131 tamamlaman\u0131n harika bir yolunu sunar. Bu aksesuarlar, l\u00fcks markalar\u0131n esteti\u011fini ve prestijini yans\u0131t\u0131r. Yves\" \/>\n<meta property=\"og:url\" content=\"https:\/\/www.markacantalar.com\/index.php\/2023\/09\/02\/marka-terlik-ve-kemerlerin-moda-icindeki-yeri\/\" \/>\n<meta property=\"og:site_name\" content=\"markacantalar.com\" \/>\n<meta property=\"article:published_time\" content=\"2023-09-02T13:06:59+00:00\" \/>\n<meta property=\"article:modified_time\" content=\"2023-09-02T13:07:07+00:00\" \/>\n<meta name=\"author\" content=\"usrMarCant\" \/>\n<meta name=\"twitter:card\" content=\"summary_large_image\" \/>\n<meta name=\"twitter:label1\" content=\"Yazan:\" \/>\n\t<meta name=\"twitter:data1\" content=\"usrMarCant\" \/>\n\t<meta name=\"twitter:label2\" content=\"Tahmini okuma s\u00fcresi\" \/>\n\t<meta name=\"twitter:data2\" content=\"1 dakika\" \/>\n<script type=\"application\/ld+json\" class=\"yoast-schema-graph\">{\"@context\":\"https:\\\/\\\/schema.org\",\"@graph\":[{\"@type\":\"Article\",\"@id\":\"https:\\\/\\\/www.markacantalar.com\\\/index.php\\\/2023\\\/09\\\/02\\\/marka-terlik-ve-kemerlerin-moda-icindeki-yeri\\\/#article\",\"isPartOf\":{\"@id\":\"https:\\\/\\\/www.markacantalar.com\\\/index.php\\\/2023\\\/09\\\/02\\\/marka-terlik-ve-kemerlerin-moda-icindeki-yeri\\\/\"},\"author\":{\"name\":\"usrMarCant\",\"@id\":\"https:\\\/\\\/www.markacantalar.com\\\/#\\\/schema\\\/person\\\/a017bfbdf73f004046019eece9fc6334\"},\"headline\":\"Marka Terlik ve Kemerlerin Moda \u0130\u00e7indeki Yeri\",\"datePublished\":\"2023-09-02T13:06:59+00:00\",\"dateModified\":\"2023-09-02T13:07:07+00:00\",\"mainEntityOfPage\":{\"@id\":\"https:\\\/\\\/www.markacantalar.com\\\/index.php\\\/2023\\\/09\\\/02\\\/marka-terlik-ve-kemerlerin-moda-icindeki-yeri\\\/\"},\"wordCount\":200,\"commentCount\":0,\"articleSection\":[\"MARKA \u00c7ANTALAR\"],\"inLanguage\":\"tr\",\"potentialAction\":[{\"@type\":\"CommentAction\",\"name\":\"Comment\",\"target\":[\"https:\\\/\\\/www.markacantalar.com\\\/index.php\\\/2023\\\/09\\\/02\\\/marka-terlik-ve-kemerlerin-moda-icindeki-yeri\\\/#respond\"]}]},{\"@type\":\"WebPage\",\"@id\":\"https:\\\/\\\/www.markacantalar.com\\\/index.php\\\/2023\\\/09\\\/02\\\/marka-terlik-ve-kemerlerin-moda-icindeki-yeri\\\/\",\"url\":\"https:\\\/\\\/www.markacantalar.com\\\/index.php\\\/2023\\\/09\\\/02\\\/marka-terlik-ve-kemerlerin-moda-icindeki-yeri\\\/\",\"name\":\"Marka Terlik ve Kemerlerin Moda \u0130\u00e7indeki Yeri - markacantalar.com\",\"isPartOf\":{\"@id\":\"https:\\\/\\\/www.markacantalar.com\\\/#website\"},\"datePublished\":\"2023-09-02T13:06:59+00:00\",\"dateModified\":\"2023-09-02T13:07:07+00:00\",\"author\":{\"@id\":\"https:\\\/\\\/www.markacantalar.com\\\/#\\\/schema\\\/person\\\/a017bfbdf73f004046019eece9fc6334\"},\"breadcrumb\":{\"@id\":\"https:\\\/\\\/www.markacantalar.com\\\/index.php\\\/2023\\\/09\\\/02\\\/marka-terlik-ve-kemerlerin-moda-icindeki-yeri\\\/#breadcrumb\"},\"inLanguage\":\"tr\",\"potentialAction\":[{\"@type\":\"ReadAction\",\"target\":[\"https:\\\/\\\/www.markacantalar.com\\\/index.php\\\/2023\\\/09\\\/02\\\/marka-terlik-ve-kemerlerin-moda-icindeki-yeri\\\/\"]}]},{\"@type\":\"BreadcrumbList\",\"@id\":\"https:\\\/\\\/www.markacantalar.com\\\/index.php\\\/2023\\\/09\\\/02\\\/marka-terlik-ve-kemerlerin-moda-icindeki-yeri\\\/#breadcrumb\",\"itemListElement\":[{\"@type\":\"ListItem\",\"position\":1,\"name\":\"Anasayfa\",\"item\":\"https:\\\/\\\/www.markacantalar.com\\\/\"},{\"@type\":\"ListItem\",\"position\":2,\"name\":\"Marka Terlik ve Kemerlerin Moda \u0130\u00e7indeki Yeri\"}]},{\"@type\":\"WebSite\",\"@id\":\"https:\\\/\\\/www.markacantalar.com\\\/#website\",\"url\":\"https:\\\/\\\/www.markacantalar.com\\\/\",\"name\":\"markacantalar.com\",\"description\":\"Orijinal ve Birebir Replika \u0130thal D\u00fcnya Markas\u0131 \u00c7anta C\u00fczdan Ayakkab\u0131 Terlik Valiz\",\"potentialAction\":[{\"@type\":\"SearchAction\",\"target\":{\"@type\":\"EntryPoint\",\"urlTemplate\":\"https:\\\/\\\/www.markacantalar.com\\\/?s={search_term_string}\"},\"query-input\":{\"@type\":\"PropertyValueSpecification\",\"valueRequired\":true,\"valueName\":\"search_term_string\"}}],\"inLanguage\":\"tr\"},{\"@type\":\"Person\",\"@id\":\"https:\\\/\\\/www.markacantalar.com\\\/#\\\/schema\\\/person\\\/a017bfbdf73f004046019eece9fc6334\",\"name\":\"usrMarCant\",\"image\":{\"@type\":\"ImageObject\",\"inLanguage\":\"tr\",\"@id\":\"https:\\\/\\\/secure.gravatar.com\\\/avatar\\\/7ab6667b3f7db731bc1d79f4fa8ef06cdb733f8332ecd50f068ee89762c485e3?s=96&d=mm&r=g\",\"url\":\"https:\\\/\\\/secure.gravatar.com\\\/avatar\\\/7ab6667b3f7db731bc1d79f4fa8ef06cdb733f8332ecd50f068ee89762c485e3?s=96&d=mm&r=g\",\"contentUrl\":\"https:\\\/\\\/secure.gravatar.com\\\/avatar\\\/7ab6667b3f7db731bc1d79f4fa8ef06cdb733f8332ecd50f068ee89762c485e3?s=96&d=mm&r=g\",\"caption\":\"usrMarCant\"},\"sameAs\":[\"https:\\\/\\\/www.markacantalar.com\"],\"url\":\"https:\\\/\\\/www.markacantalar.com\\\/index.php\\\/author\\\/usrmarcant\\\/\"}]}<\/script>\n<!-- \/ Yoast SEO plugin. -->","yoast_head_json":{"title":"Marka Terlik ve Kemerlerin Moda \u0130\u00e7indeki Yeri - markacantalar.com","robots":{"index":"index","follow":"follow","max-snippet":"max-snippet:-1","max-image-preview":"max-image-preview:large","max-video-preview":"max-video-preview:-1"},"canonical":"https:\/\/www.markacantalar.com\/index.php\/2023\/09\/02\/marka-terlik-ve-kemerlerin-moda-icindeki-yeri\/","og_locale":"tr_TR","og_type":"article","og_title":"Marka Terlik ve Kemerlerin Moda \u0130\u00e7indeki Yeri - markacantalar.com","og_description":"Marka terlikler ve kemerler, giyim tarz\u0131n\u0131z\u0131 tamamlaman\u0131n harika bir yolunu sunar. Bu aksesuarlar, l\u00fcks markalar\u0131n esteti\u011fini ve prestijini yans\u0131t\u0131r. Yves","og_url":"https:\/\/www.markacantalar.com\/index.php\/2023\/09\/02\/marka-terlik-ve-kemerlerin-moda-icindeki-yeri\/","og_site_name":"markacantalar.com","article_published_time":"2023-09-02T13:06:59+00:00","article_modified_time":"2023-09-02T13:07:07+00:00","author":"usrMarCant","twitter_card":"summary_large_image","twitter_misc":{"Yazan:":"usrMarCant","Tahmini okuma s\u00fcresi":"1 dakika"},"schema":{"@context":"https:\/\/schema.org","@graph":[{"@type":"Article","@id":"https:\/\/www.markacantalar.com\/index.php\/2023\/09\/02\/marka-terlik-ve-kemerlerin-moda-icindeki-yeri\/#article","isPartOf":{"@id":"https:\/\/www.markacantalar.com\/index.php\/2023\/09\/02\/marka-terlik-ve-kemerlerin-moda-icindeki-yeri\/"},"author":{"name":"usrMarCant","@id":"https:\/\/www.markacantalar.com\/#\/schema\/person\/a017bfbdf73f004046019eece9fc6334"},"headline":"Marka Terlik ve Kemerlerin Moda \u0130\u00e7indeki Yeri","datePublished":"2023-09-02T13:06:59+00:00","dateModified":"2023-09-02T13:07:07+00:00","mainEntityOfPage":{"@id":"https:\/\/www.markacantalar.com\/index.php\/2023\/09\/02\/marka-terlik-ve-kemerlerin-moda-icindeki-yeri\/"},"wordCount":200,"commentCount":0,"articleSection":["MARKA \u00c7ANTALAR"],"inLanguage":"tr","potentialAction":[{"@type":"CommentAction","name":"Comment","target":["https:\/\/www.markacantalar.com\/index.php\/2023\/09\/02\/marka-terlik-ve-kemerlerin-moda-icindeki-yeri\/#respond"]}]},{"@type":"WebPage","@id":"https:\/\/www.markacantalar.com\/index.php\/2023\/09\/02\/marka-terlik-ve-kemerlerin-moda-icindeki-yeri\/","url":"https:\/\/www.markacantalar.com\/index.php\/2023\/09\/02\/marka-terlik-ve-kemerlerin-moda-icindeki-yeri\/","name":"Marka Terlik ve Kemerlerin Moda \u0130\u00e7indeki Yeri - markacantalar.com","isPartOf":{"@id":"https:\/\/www.markacantalar.com\/#website"},"datePublished":"2023-09-02T13:06:59+00:00","dateModified":"2023-09-02T13:07:07+00:00","author":{"@id":"https:\/\/www.markacantalar.com\/#\/schema\/person\/a017bfbdf73f004046019eece9fc6334"},"breadcrumb":{"@id":"https:\/\/www.markacantalar.com\/index.php\/2023\/09\/02\/marka-terlik-ve-kemerlerin-moda-icindeki-yeri\/#breadcrumb"},"inLanguage":"tr","potentialAction":[{"@type":"ReadAction","target":["https:\/\/www.markacantalar.com\/index.php\/2023\/09\/02\/marka-terlik-ve-kemerlerin-moda-icindeki-yeri\/"]}]},{"@type":"BreadcrumbList","@id":"https:\/\/www.markacantalar.com\/index.php\/2023\/09\/02\/marka-terlik-ve-kemerlerin-moda-icindeki-yeri\/#breadcrumb","itemListElement":[{"@type":"ListItem","position":1,"name":"Anasayfa","item":"https:\/\/www.markacantalar.com\/"},{"@type":"ListItem","position":2,"name":"Marka Terlik ve Kemerlerin Moda \u0130\u00e7indeki Yeri"}]},{"@type":"WebSite","@id":"https:\/\/www.markacantalar.com\/#website","url":"https:\/\/www.markacantalar.com\/","name":"markacantalar.com","description":"Orijinal ve Birebir Replika \u0130thal D\u00fcnya Markas\u0131 \u00c7anta C\u00fczdan Ayakkab\u0131 Terlik Valiz","potentialAction":[{"@type":"SearchAction","target":{"@type":"EntryPoint","urlTemplate":"https:\/\/www.markacantalar.com\/?s={search_term_string}"},"query-input":{"@type":"PropertyValueSpecification","valueRequired":true,"valueName":"search_term_string"}}],"inLanguage":"tr"},{"@type":"Person","@id":"https:\/\/www.markacantalar.com\/#\/schema\/person\/a017bfbdf73f004046019eece9fc6334","name":"usrMarCant","image":{"@type":"ImageObject","inLanguage":"tr","@id":"https:\/\/secure.gravatar.com\/avatar\/7ab6667b3f7db731bc1d79f4fa8ef06cdb733f8332ecd50f068ee89762c485e3?s=96&d=mm&r=g","url":"https:\/\/secure.gravatar.com\/avatar\/7ab6667b3f7db731bc1d79f4fa8ef06cdb733f8332ecd50f068ee89762c485e3?s=96&d=mm&r=g","contentUrl":"https:\/\/secure.gravatar.com\/avatar\/7ab6667b3f7db731bc1d79f4fa8ef06cdb733f8332ecd50f068ee89762c485e3?s=96&d=mm&r=g","caption":"usrMarCant"},"sameAs":["https:\/\/www.markacantalar.com"],"url":"https:\/\/www.markacantalar.com\/index.php\/author\/usrmarcant\/"}]}},"_links":{"self":[{"href":"https:\/\/www.markacantalar.com\/index.php\/wp-json\/wp\/v2\/posts\/17636","targetHints":{"allow":["GET"]}}],"collection":[{"href":"https:\/\/www.markacantalar.com\/index.php\/wp-json\/wp\/v2\/posts"}],"about":[{"href":"https:\/\/www.markacantalar.com\/index.php\/wp-json\/wp\/v2\/types\/post"}],"author":[{"embeddable":true,"href":"https:\/\/www.markacantalar.com\/index.php\/wp-json\/wp\/v2\/users\/1"}],"replies":[{"embeddable":true,"href":"https:\/\/www.markacantalar.com\/index.php\/wp-json\/wp\/v2\/comments?post=17636"}],"version-history":[{"count":0,"href":"https:\/\/www.markacantalar.com\/index.php\/wp-json\/wp\/v2\/posts\/17636\/revisions"}],"wp:attachment":[{"href":"https:\/\/www.markacantalar.com\/index.php\/wp-json\/wp\/v2\/media?parent=17636"}],"wp:term":[{"taxonomy":"category","embeddable":true,"href":"https:\/\/www.markacantalar.com\/index.php\/wp-json\/wp\/v2\/categories?post=17636"},{"taxonomy":"post_tag","embeddable":true,"href":"https:\/\/www.markacantalar.com\/index.php\/wp-json\/wp\/v2\/tags?post=17636"}],"curies":[{"name":"wp","href":"https:\/\/api.w.org\/{rel}","templated":true}]}}