{"id":17635,"date":"2023-09-02T16:06:56","date_gmt":"2023-09-02T13:06:56","guid":{"rendered":"https:\/\/www.markacantalar.com\/?p=17635"},"modified":"2023-09-02T16:07:05","modified_gmt":"2023-09-02T13:07:05","slug":"balenciaganin-ayakkabi-koleksiyonundaki-yenilikci-tasarimlar","status":"publish","type":"post","link":"https:\/\/www.markacantalar.com\/index.php\/2023\/09\/02\/balenciaganin-ayakkabi-koleksiyonundaki-yenilikci-tasarimlar\/","title":{"rendered":"Balenciaga&#8217;n\u0131n Ayakkab\u0131 Koleksiyonundaki Yenilik\u00e7i Tasar\u0131mlar"},"content":{"rendered":"\n<p>Balenciaga, l\u00fcks ayakkab\u0131lar\u0131n ve sneakerslar\u0131n \u00f6nde gelen markalar\u0131ndan biri olarak kabul edilir. 1919 y\u0131l\u0131nda \u0130spanyol moda tasar\u0131mc\u0131s\u0131 Crist\u00f3bal Balenciaga taraf\u0131ndan kurulan marka, modern tasar\u0131m ve yenilik\u00e7i tarz\u0131yla tan\u0131n\u0131r.<\/p>\n\n\n\n<p>Balenciaga sneakerslar\u0131, \u00f6zellikle spor ve sokak modas\u0131yla ilgilenenler i\u00e7in vazge\u00e7ilmez bir se\u00e7enektir. Markan\u0131n Triple S modeli, b\u00fcy\u00fck taban\u0131 ve dikkat \u00e7ekici tasar\u0131m\u0131yla \u00f6ne \u00e7\u0131kar. Bu sneakerslar, konfor ve \u015f\u0131kl\u0131\u011f\u0131 bir araya getirir ve bir\u00e7ok \u00fcnl\u00fc taraf\u0131ndan tercih edilir.<\/p>\n\n\n\n<p>Ayakkab\u0131 koleksiyonu sadece sneakerslarla s\u0131n\u0131rl\u0131 de\u011fildir. Balenciaga, \u00e7e\u015fitli ayakkab\u0131 modelleri sunar, her biri markan\u0131n estetik ve kalite anlay\u0131\u015f\u0131n\u0131 yans\u0131t\u0131r. Stiletto topuklu ayakkab\u0131lardan spor ayakkab\u0131lara kadar farkl\u0131 stillerde bir\u00e7ok se\u00e7enek bulunur.<\/p>\n\n\n\n<p>Balenciaga ayakkab\u0131lar\u0131, markan\u0131n yenilik\u00e7i tasar\u0131m felsefesini yans\u0131t\u0131r. Farkl\u0131 materyallerin ve renklerin cesurca kullan\u0131lmas\u0131, markan\u0131n ayakkab\u0131 koleksiyonlar\u0131n\u0131 \u00f6zel k\u0131lar. Ayakkab\u0131lar, hem g\u00fcnl\u00fck giyimde hem de \u00f6zel etkinliklerde giyilebilecek tarzda tasarlan\u0131r.<\/p>\n\n\n\n<p>Sonu\u00e7 olarak, Balenciaga&#8217;n\u0131n ayakkab\u0131 koleksiyonu, moday\u0131 takip edenler ve farkl\u0131l\u0131k arayanlar i\u00e7in m\u00fckemmel bir se\u00e7enektir. Yenilik\u00e7i tasar\u0131mlar\u0131 ve markan\u0131n modern esteti\u011fi, Balenciaga ayakkab\u0131lar\u0131n\u0131 \u00f6zel k\u0131lar ve sahiplerine farkl\u0131 bir moda deneyimi sunar.<\/p>\n","protected":false},"excerpt":{"rendered":"<p>Balenciaga, l\u00fcks ayakkab\u0131lar\u0131n ve sneakerslar\u0131n \u00f6nde gelen markalar\u0131ndan biri olarak kabul edilir. 1919 y\u0131l\u0131nda \u0130spanyol moda tasar\u0131mc\u0131s\u0131 Crist\u00f3bal Balenciaga taraf\u0131ndan<\/p>\n","protected":false},"author":1,"featured_media":0,"comment_status":"open","ping_status":"open","sticky":false,"template":"","format":"standard","meta":{"footnotes":""},"categories":[1],"tags":[],"class_list":["post-17635","post","type-post","status-publish","format-standard","hentry","category-genel"],"yoast_head":"<!-- This site is optimized with the Yoast SEO plugin v27.4 - https:\/\/yoast.com\/product\/yoast-seo-wordpress\/ -->\n<title>Balenciaga&#039;n\u0131n Ayakkab\u0131 Koleksiyonundaki Yenilik\u00e7i Tasar\u0131mlar - markacantalar.com<\/title>\n<meta name=\"robots\" content=\"index, follow, max-snippet:-1, max-image-preview:large, max-video-preview:-1\" \/>\n<link rel=\"canonical\" href=\"https:\/\/www.markacantalar.com\/index.php\/2023\/09\/02\/balenciaganin-ayakkabi-koleksiyonundaki-yenilikci-tasarimlar\/\" \/>\n<meta property=\"og:locale\" content=\"tr_TR\" \/>\n<meta property=\"og:type\" content=\"article\" \/>\n<meta property=\"og:title\" content=\"Balenciaga&#039;n\u0131n Ayakkab\u0131 Koleksiyonundaki Yenilik\u00e7i Tasar\u0131mlar - markacantalar.com\" \/>\n<meta property=\"og:description\" content=\"Balenciaga, l\u00fcks ayakkab\u0131lar\u0131n ve sneakerslar\u0131n \u00f6nde gelen markalar\u0131ndan biri olarak kabul edilir. 1919 y\u0131l\u0131nda \u0130spanyol moda tasar\u0131mc\u0131s\u0131 Crist\u00f3bal Balenciaga taraf\u0131ndan\" \/>\n<meta property=\"og:url\" content=\"https:\/\/www.markacantalar.com\/index.php\/2023\/09\/02\/balenciaganin-ayakkabi-koleksiyonundaki-yenilikci-tasarimlar\/\" \/>\n<meta property=\"og:site_name\" content=\"markacantalar.com\" \/>\n<meta property=\"article:published_time\" content=\"2023-09-02T13:06:56+00:00\" \/>\n<meta property=\"article:modified_time\" content=\"2023-09-02T13:07:05+00:00\" \/>\n<meta name=\"author\" content=\"usrMarCant\" \/>\n<meta name=\"twitter:card\" content=\"summary_large_image\" \/>\n<meta name=\"twitter:label1\" content=\"Yazan:\" \/>\n\t<meta name=\"twitter:data1\" content=\"usrMarCant\" \/>\n\t<meta name=\"twitter:label2\" content=\"Tahmini okuma s\u00fcresi\" \/>\n\t<meta name=\"twitter:data2\" content=\"1 dakika\" \/>\n<script type=\"application\/ld+json\" class=\"yoast-schema-graph\">{\"@context\":\"https:\\\/\\\/schema.org\",\"@graph\":[{\"@type\":\"Article\",\"@id\":\"https:\\\/\\\/www.markacantalar.com\\\/index.php\\\/2023\\\/09\\\/02\\\/balenciaganin-ayakkabi-koleksiyonundaki-yenilikci-tasarimlar\\\/#article\",\"isPartOf\":{\"@id\":\"https:\\\/\\\/www.markacantalar.com\\\/index.php\\\/2023\\\/09\\\/02\\\/balenciaganin-ayakkabi-koleksiyonundaki-yenilikci-tasarimlar\\\/\"},\"author\":{\"name\":\"usrMarCant\",\"@id\":\"https:\\\/\\\/www.markacantalar.com\\\/#\\\/schema\\\/person\\\/a017bfbdf73f004046019eece9fc6334\"},\"headline\":\"Balenciaga&#8217;n\u0131n Ayakkab\u0131 Koleksiyonundaki Yenilik\u00e7i Tasar\u0131mlar\",\"datePublished\":\"2023-09-02T13:06:56+00:00\",\"dateModified\":\"2023-09-02T13:07:05+00:00\",\"mainEntityOfPage\":{\"@id\":\"https:\\\/\\\/www.markacantalar.com\\\/index.php\\\/2023\\\/09\\\/02\\\/balenciaganin-ayakkabi-koleksiyonundaki-yenilikci-tasarimlar\\\/\"},\"wordCount\":232,\"commentCount\":0,\"articleSection\":[\"MARKA \u00c7ANTALAR\"],\"inLanguage\":\"tr\",\"potentialAction\":[{\"@type\":\"CommentAction\",\"name\":\"Comment\",\"target\":[\"https:\\\/\\\/www.markacantalar.com\\\/index.php\\\/2023\\\/09\\\/02\\\/balenciaganin-ayakkabi-koleksiyonundaki-yenilikci-tasarimlar\\\/#respond\"]}]},{\"@type\":\"WebPage\",\"@id\":\"https:\\\/\\\/www.markacantalar.com\\\/index.php\\\/2023\\\/09\\\/02\\\/balenciaganin-ayakkabi-koleksiyonundaki-yenilikci-tasarimlar\\\/\",\"url\":\"https:\\\/\\\/www.markacantalar.com\\\/index.php\\\/2023\\\/09\\\/02\\\/balenciaganin-ayakkabi-koleksiyonundaki-yenilikci-tasarimlar\\\/\",\"name\":\"Balenciaga'n\u0131n Ayakkab\u0131 Koleksiyonundaki Yenilik\u00e7i Tasar\u0131mlar - markacantalar.com\",\"isPartOf\":{\"@id\":\"https:\\\/\\\/www.markacantalar.com\\\/#website\"},\"datePublished\":\"2023-09-02T13:06:56+00:00\",\"dateModified\":\"2023-09-02T13:07:05+00:00\",\"author\":{\"@id\":\"https:\\\/\\\/www.markacantalar.com\\\/#\\\/schema\\\/person\\\/a017bfbdf73f004046019eece9fc6334\"},\"breadcrumb\":{\"@id\":\"https:\\\/\\\/www.markacantalar.com\\\/index.php\\\/2023\\\/09\\\/02\\\/balenciaganin-ayakkabi-koleksiyonundaki-yenilikci-tasarimlar\\\/#breadcrumb\"},\"inLanguage\":\"tr\",\"potentialAction\":[{\"@type\":\"ReadAction\",\"target\":[\"https:\\\/\\\/www.markacantalar.com\\\/index.php\\\/2023\\\/09\\\/02\\\/balenciaganin-ayakkabi-koleksiyonundaki-yenilikci-tasarimlar\\\/\"]}]},{\"@type\":\"BreadcrumbList\",\"@id\":\"https:\\\/\\\/www.markacantalar.com\\\/index.php\\\/2023\\\/09\\\/02\\\/balenciaganin-ayakkabi-koleksiyonundaki-yenilikci-tasarimlar\\\/#breadcrumb\",\"itemListElement\":[{\"@type\":\"ListItem\",\"position\":1,\"name\":\"Anasayfa\",\"item\":\"https:\\\/\\\/www.markacantalar.com\\\/\"},{\"@type\":\"ListItem\",\"position\":2,\"name\":\"Balenciaga&#8217;n\u0131n Ayakkab\u0131 Koleksiyonundaki Yenilik\u00e7i Tasar\u0131mlar\"}]},{\"@type\":\"WebSite\",\"@id\":\"https:\\\/\\\/www.markacantalar.com\\\/#website\",\"url\":\"https:\\\/\\\/www.markacantalar.com\\\/\",\"name\":\"markacantalar.com\",\"description\":\"Orijinal ve Birebir Replika \u0130thal D\u00fcnya Markas\u0131 \u00c7anta C\u00fczdan Ayakkab\u0131 Terlik Valiz\",\"potentialAction\":[{\"@type\":\"SearchAction\",\"target\":{\"@type\":\"EntryPoint\",\"urlTemplate\":\"https:\\\/\\\/www.markacantalar.com\\\/?s={search_term_string}\"},\"query-input\":{\"@type\":\"PropertyValueSpecification\",\"valueRequired\":true,\"valueName\":\"search_term_string\"}}],\"inLanguage\":\"tr\"},{\"@type\":\"Person\",\"@id\":\"https:\\\/\\\/www.markacantalar.com\\\/#\\\/schema\\\/person\\\/a017bfbdf73f004046019eece9fc6334\",\"name\":\"usrMarCant\",\"image\":{\"@type\":\"ImageObject\",\"inLanguage\":\"tr\",\"@id\":\"https:\\\/\\\/secure.gravatar.com\\\/avatar\\\/7ab6667b3f7db731bc1d79f4fa8ef06cdb733f8332ecd50f068ee89762c485e3?s=96&d=mm&r=g\",\"url\":\"https:\\\/\\\/secure.gravatar.com\\\/avatar\\\/7ab6667b3f7db731bc1d79f4fa8ef06cdb733f8332ecd50f068ee89762c485e3?s=96&d=mm&r=g\",\"contentUrl\":\"https:\\\/\\\/secure.gravatar.com\\\/avatar\\\/7ab6667b3f7db731bc1d79f4fa8ef06cdb733f8332ecd50f068ee89762c485e3?s=96&d=mm&r=g\",\"caption\":\"usrMarCant\"},\"sameAs\":[\"https:\\\/\\\/www.markacantalar.com\"],\"url\":\"https:\\\/\\\/www.markacantalar.com\\\/index.php\\\/author\\\/usrmarcant\\\/\"}]}<\/script>\n<!-- \/ Yoast SEO plugin. -->","yoast_head_json":{"title":"Balenciaga'n\u0131n Ayakkab\u0131 Koleksiyonundaki Yenilik\u00e7i Tasar\u0131mlar - markacantalar.com","robots":{"index":"index","follow":"follow","max-snippet":"max-snippet:-1","max-image-preview":"max-image-preview:large","max-video-preview":"max-video-preview:-1"},"canonical":"https:\/\/www.markacantalar.com\/index.php\/2023\/09\/02\/balenciaganin-ayakkabi-koleksiyonundaki-yenilikci-tasarimlar\/","og_locale":"tr_TR","og_type":"article","og_title":"Balenciaga'n\u0131n Ayakkab\u0131 Koleksiyonundaki Yenilik\u00e7i Tasar\u0131mlar - markacantalar.com","og_description":"Balenciaga, l\u00fcks ayakkab\u0131lar\u0131n ve sneakerslar\u0131n \u00f6nde gelen markalar\u0131ndan biri olarak kabul edilir. 1919 y\u0131l\u0131nda \u0130spanyol moda tasar\u0131mc\u0131s\u0131 Crist\u00f3bal Balenciaga taraf\u0131ndan","og_url":"https:\/\/www.markacantalar.com\/index.php\/2023\/09\/02\/balenciaganin-ayakkabi-koleksiyonundaki-yenilikci-tasarimlar\/","og_site_name":"markacantalar.com","article_published_time":"2023-09-02T13:06:56+00:00","article_modified_time":"2023-09-02T13:07:05+00:00","author":"usrMarCant","twitter_card":"summary_large_image","twitter_misc":{"Yazan:":"usrMarCant","Tahmini okuma s\u00fcresi":"1 dakika"},"schema":{"@context":"https:\/\/schema.org","@graph":[{"@type":"Article","@id":"https:\/\/www.markacantalar.com\/index.php\/2023\/09\/02\/balenciaganin-ayakkabi-koleksiyonundaki-yenilikci-tasarimlar\/#article","isPartOf":{"@id":"https:\/\/www.markacantalar.com\/index.php\/2023\/09\/02\/balenciaganin-ayakkabi-koleksiyonundaki-yenilikci-tasarimlar\/"},"author":{"name":"usrMarCant","@id":"https:\/\/www.markacantalar.com\/#\/schema\/person\/a017bfbdf73f004046019eece9fc6334"},"headline":"Balenciaga&#8217;n\u0131n Ayakkab\u0131 Koleksiyonundaki Yenilik\u00e7i Tasar\u0131mlar","datePublished":"2023-09-02T13:06:56+00:00","dateModified":"2023-09-02T13:07:05+00:00","mainEntityOfPage":{"@id":"https:\/\/www.markacantalar.com\/index.php\/2023\/09\/02\/balenciaganin-ayakkabi-koleksiyonundaki-yenilikci-tasarimlar\/"},"wordCount":232,"commentCount":0,"articleSection":["MARKA \u00c7ANTALAR"],"inLanguage":"tr","potentialAction":[{"@type":"CommentAction","name":"Comment","target":["https:\/\/www.markacantalar.com\/index.php\/2023\/09\/02\/balenciaganin-ayakkabi-koleksiyonundaki-yenilikci-tasarimlar\/#respond"]}]},{"@type":"WebPage","@id":"https:\/\/www.markacantalar.com\/index.php\/2023\/09\/02\/balenciaganin-ayakkabi-koleksiyonundaki-yenilikci-tasarimlar\/","url":"https:\/\/www.markacantalar.com\/index.php\/2023\/09\/02\/balenciaganin-ayakkabi-koleksiyonundaki-yenilikci-tasarimlar\/","name":"Balenciaga'n\u0131n Ayakkab\u0131 Koleksiyonundaki Yenilik\u00e7i Tasar\u0131mlar - markacantalar.com","isPartOf":{"@id":"https:\/\/www.markacantalar.com\/#website"},"datePublished":"2023-09-02T13:06:56+00:00","dateModified":"2023-09-02T13:07:05+00:00","author":{"@id":"https:\/\/www.markacantalar.com\/#\/schema\/person\/a017bfbdf73f004046019eece9fc6334"},"breadcrumb":{"@id":"https:\/\/www.markacantalar.com\/index.php\/2023\/09\/02\/balenciaganin-ayakkabi-koleksiyonundaki-yenilikci-tasarimlar\/#breadcrumb"},"inLanguage":"tr","potentialAction":[{"@type":"ReadAction","target":["https:\/\/www.markacantalar.com\/index.php\/2023\/09\/02\/balenciaganin-ayakkabi-koleksiyonundaki-yenilikci-tasarimlar\/"]}]},{"@type":"BreadcrumbList","@id":"https:\/\/www.markacantalar.com\/index.php\/2023\/09\/02\/balenciaganin-ayakkabi-koleksiyonundaki-yenilikci-tasarimlar\/#breadcrumb","itemListElement":[{"@type":"ListItem","position":1,"name":"Anasayfa","item":"https:\/\/www.markacantalar.com\/"},{"@type":"ListItem","position":2,"name":"Balenciaga&#8217;n\u0131n Ayakkab\u0131 Koleksiyonundaki Yenilik\u00e7i Tasar\u0131mlar"}]},{"@type":"WebSite","@id":"https:\/\/www.markacantalar.com\/#website","url":"https:\/\/www.markacantalar.com\/","name":"markacantalar.com","description":"Orijinal ve Birebir Replika \u0130thal D\u00fcnya Markas\u0131 \u00c7anta C\u00fczdan Ayakkab\u0131 Terlik Valiz","potentialAction":[{"@type":"SearchAction","target":{"@type":"EntryPoint","urlTemplate":"https:\/\/www.markacantalar.com\/?s={search_term_string}"},"query-input":{"@type":"PropertyValueSpecification","valueRequired":true,"valueName":"search_term_string"}}],"inLanguage":"tr"},{"@type":"Person","@id":"https:\/\/www.markacantalar.com\/#\/schema\/person\/a017bfbdf73f004046019eece9fc6334","name":"usrMarCant","image":{"@type":"ImageObject","inLanguage":"tr","@id":"https:\/\/secure.gravatar.com\/avatar\/7ab6667b3f7db731bc1d79f4fa8ef06cdb733f8332ecd50f068ee89762c485e3?s=96&d=mm&r=g","url":"https:\/\/secure.gravatar.com\/avatar\/7ab6667b3f7db731bc1d79f4fa8ef06cdb733f8332ecd50f068ee89762c485e3?s=96&d=mm&r=g","contentUrl":"https:\/\/secure.gravatar.com\/avatar\/7ab6667b3f7db731bc1d79f4fa8ef06cdb733f8332ecd50f068ee89762c485e3?s=96&d=mm&r=g","caption":"usrMarCant"},"sameAs":["https:\/\/www.markacantalar.com"],"url":"https:\/\/www.markacantalar.com\/index.php\/author\/usrmarcant\/"}]}},"_links":{"self":[{"href":"https:\/\/www.markacantalar.com\/index.php\/wp-json\/wp\/v2\/posts\/17635","targetHints":{"allow":["GET"]}}],"collection":[{"href":"https:\/\/www.markacantalar.com\/index.php\/wp-json\/wp\/v2\/posts"}],"about":[{"href":"https:\/\/www.markacantalar.com\/index.php\/wp-json\/wp\/v2\/types\/post"}],"author":[{"embeddable":true,"href":"https:\/\/www.markacantalar.com\/index.php\/wp-json\/wp\/v2\/users\/1"}],"replies":[{"embeddable":true,"href":"https:\/\/www.markacantalar.com\/index.php\/wp-json\/wp\/v2\/comments?post=17635"}],"version-history":[{"count":0,"href":"https:\/\/www.markacantalar.com\/index.php\/wp-json\/wp\/v2\/posts\/17635\/revisions"}],"wp:attachment":[{"href":"https:\/\/www.markacantalar.com\/index.php\/wp-json\/wp\/v2\/media?parent=17635"}],"wp:term":[{"taxonomy":"category","embeddable":true,"href":"https:\/\/www.markacantalar.com\/index.php\/wp-json\/wp\/v2\/categories?post=17635"},{"taxonomy":"post_tag","embeddable":true,"href":"https:\/\/www.markacantalar.com\/index.php\/wp-json\/wp\/v2\/tags?post=17635"}],"curies":[{"name":"wp","href":"https:\/\/api.w.org\/{rel}","templated":true}]}}