{"id":17633,"date":"2023-09-02T16:05:59","date_gmt":"2023-09-02T13:05:59","guid":{"rendered":"https:\/\/www.markacantalar.com\/?p=17633"},"modified":"2023-09-02T16:06:13","modified_gmt":"2023-09-02T13:06:13","slug":"louis-vuitton-cantalarinin-moda-dunyasindaki-yeri","status":"publish","type":"post","link":"https:\/\/www.markacantalar.com\/index.php\/2023\/09\/02\/louis-vuitton-cantalarinin-moda-dunyasindaki-yeri\/","title":{"rendered":"Louis Vuitton \u00c7antalar\u0131n\u0131n Moda D\u00fcnyas\u0131ndaki Yeri"},"content":{"rendered":"\n<p>Louis Vuitton, moda d\u00fcnyas\u0131n\u0131n \u00f6nde gelen l\u00fcks markalar\u0131ndan biri olarak kabul edilir ve markan\u0131n \u00e7antalar\u0131, \u015f\u0131kl\u0131k ve kalite a\u00e7\u0131s\u0131ndan rakipsizdir. 1854 y\u0131l\u0131nda kurulan marka, Paris&#8217;in moda ba\u015fkentinde k\u00f6kenlerini bulur. Louis Vuitton \u00e7antalar\u0131n\u0131n e\u015fsiz bir \u00f6zelli\u011fi, monogram deseni ve markan\u0131n \u00fcnl\u00fc LV logosu ile tan\u0131nmalar\u0131d\u0131r.<\/p>\n\n\n\n<p>Louis Vuitton \u00e7antalar\u0131n\u0131n pop\u00fclaritesi, tasar\u0131m\u0131n\u0131n yan\u0131 s\u0131ra dayan\u0131kl\u0131l\u0131\u011f\u0131 ile de a\u00e7\u0131klanabilir. Genellikle el yap\u0131m\u0131 olan bu \u00e7antalar, en kaliteli deri ve malzemelerle \u00fcretilir. Bu nedenle, bir Louis Vuitton \u00e7antas\u0131 sat\u0131n ald\u0131\u011f\u0131n\u0131zda, uzun y\u0131llar boyunca bozulmadan kalmas\u0131n\u0131 bekleyebilirsiniz.<\/p>\n\n\n\n<p>Markan\u0131n en ikonik \u00e7anta modellerinden biri, &#8220;Speedy&#8221; olarak adland\u0131r\u0131lan el \u00e7antas\u0131d\u0131r. Bu \u00e7anta, hafif ve \u015f\u0131k tasar\u0131m\u0131yla hem g\u00fcnl\u00fck kullan\u0131m hem de \u00f6zel etkinlikler i\u00e7in m\u00fckemmel bir se\u00e7enektir. Louis Vuitton \u00e7antalar\u0131n\u0131n geni\u015f bir renk yelpazesi ve \u00e7e\u015fitli boyutlar\u0131 bulunur, bu da her tarza ve ihtiyaca uygun bir se\u00e7enek sunar.<\/p>\n\n\n\n<p>Louis Vuitton \u00e7antalar\u0131 ayn\u0131 zamanda \u00fcnl\u00fclerin ve moda ikonlar\u0131n\u0131n vazge\u00e7ilmezi olmu\u015ftur. Hollywood y\u0131ld\u0131zlar\u0131ndan d\u00fcnya \u00e7ap\u0131ndaki \u00fcnl\u00fclere kadar bir\u00e7ok ki\u015fi, Louis Vuitton \u00e7antalar\u0131n\u0131 k\u0131rm\u0131z\u0131 hal\u0131 etkinliklerinde ve g\u00fcnl\u00fck hayatta tercih etmektedir. Bu \u00e7antalar, markan\u0131n prestijini ve zarafetini yans\u0131t\u0131r.<\/p>\n\n\n\n<p>Sonu\u00e7 olarak, Louis Vuitton \u00e7antalar\u0131, moda d\u00fcnyas\u0131n\u0131n vazge\u00e7ilmez bir par\u00e7as\u0131d\u0131r ve her ya\u015f, tarz ve zevke hitap eden \u00e7e\u015fitli se\u00e7enekler sunar. Bu \u00e7antalar, \u015f\u0131kl\u0131k ve kalite konusunda \u00f6nc\u00fcd\u00fcr ve sahiplerine birinci s\u0131n\u0131f bir stil deneyimi sunar.<\/p>\n","protected":false},"excerpt":{"rendered":"<p>Louis Vuitton, moda d\u00fcnyas\u0131n\u0131n \u00f6nde gelen l\u00fcks markalar\u0131ndan biri olarak kabul edilir ve markan\u0131n \u00e7antalar\u0131, \u015f\u0131kl\u0131k ve kalite a\u00e7\u0131s\u0131ndan rakipsizdir.<\/p>\n","protected":false},"author":1,"featured_media":0,"comment_status":"open","ping_status":"open","sticky":false,"template":"","format":"standard","meta":{"footnotes":""},"categories":[1],"tags":[],"class_list":["post-17633","post","type-post","status-publish","format-standard","hentry","category-genel"],"yoast_head":"<!-- This site is optimized with the Yoast SEO plugin v27.4 - https:\/\/yoast.com\/product\/yoast-seo-wordpress\/ -->\n<title>Louis Vuitton \u00c7antalar\u0131n\u0131n Moda D\u00fcnyas\u0131ndaki Yeri - markacantalar.com<\/title>\n<meta name=\"robots\" content=\"index, follow, max-snippet:-1, max-image-preview:large, max-video-preview:-1\" \/>\n<link rel=\"canonical\" href=\"https:\/\/www.markacantalar.com\/index.php\/2023\/09\/02\/louis-vuitton-cantalarinin-moda-dunyasindaki-yeri\/\" \/>\n<meta property=\"og:locale\" content=\"tr_TR\" \/>\n<meta property=\"og:type\" content=\"article\" \/>\n<meta property=\"og:title\" content=\"Louis Vuitton \u00c7antalar\u0131n\u0131n Moda D\u00fcnyas\u0131ndaki Yeri - markacantalar.com\" \/>\n<meta property=\"og:description\" content=\"Louis Vuitton, moda d\u00fcnyas\u0131n\u0131n \u00f6nde gelen l\u00fcks markalar\u0131ndan biri olarak kabul edilir ve markan\u0131n \u00e7antalar\u0131, \u015f\u0131kl\u0131k ve kalite a\u00e7\u0131s\u0131ndan rakipsizdir.\" \/>\n<meta property=\"og:url\" content=\"https:\/\/www.markacantalar.com\/index.php\/2023\/09\/02\/louis-vuitton-cantalarinin-moda-dunyasindaki-yeri\/\" \/>\n<meta property=\"og:site_name\" content=\"markacantalar.com\" \/>\n<meta property=\"article:published_time\" content=\"2023-09-02T13:05:59+00:00\" \/>\n<meta property=\"article:modified_time\" content=\"2023-09-02T13:06:13+00:00\" \/>\n<meta name=\"author\" content=\"usrMarCant\" \/>\n<meta name=\"twitter:card\" content=\"summary_large_image\" \/>\n<meta name=\"twitter:label1\" content=\"Yazan:\" \/>\n\t<meta name=\"twitter:data1\" content=\"usrMarCant\" \/>\n\t<meta name=\"twitter:label2\" content=\"Tahmini okuma s\u00fcresi\" \/>\n\t<meta name=\"twitter:data2\" content=\"1 dakika\" \/>\n<script type=\"application\/ld+json\" class=\"yoast-schema-graph\">{\"@context\":\"https:\\\/\\\/schema.org\",\"@graph\":[{\"@type\":\"Article\",\"@id\":\"https:\\\/\\\/www.markacantalar.com\\\/index.php\\\/2023\\\/09\\\/02\\\/louis-vuitton-cantalarinin-moda-dunyasindaki-yeri\\\/#article\",\"isPartOf\":{\"@id\":\"https:\\\/\\\/www.markacantalar.com\\\/index.php\\\/2023\\\/09\\\/02\\\/louis-vuitton-cantalarinin-moda-dunyasindaki-yeri\\\/\"},\"author\":{\"name\":\"usrMarCant\",\"@id\":\"https:\\\/\\\/www.markacantalar.com\\\/#\\\/schema\\\/person\\\/a017bfbdf73f004046019eece9fc6334\"},\"headline\":\"Louis Vuitton \u00c7antalar\u0131n\u0131n Moda D\u00fcnyas\u0131ndaki Yeri\",\"datePublished\":\"2023-09-02T13:05:59+00:00\",\"dateModified\":\"2023-09-02T13:06:13+00:00\",\"mainEntityOfPage\":{\"@id\":\"https:\\\/\\\/www.markacantalar.com\\\/index.php\\\/2023\\\/09\\\/02\\\/louis-vuitton-cantalarinin-moda-dunyasindaki-yeri\\\/\"},\"wordCount\":302,\"commentCount\":0,\"articleSection\":[\"MARKA \u00c7ANTALAR\"],\"inLanguage\":\"tr\",\"potentialAction\":[{\"@type\":\"CommentAction\",\"name\":\"Comment\",\"target\":[\"https:\\\/\\\/www.markacantalar.com\\\/index.php\\\/2023\\\/09\\\/02\\\/louis-vuitton-cantalarinin-moda-dunyasindaki-yeri\\\/#respond\"]}]},{\"@type\":\"WebPage\",\"@id\":\"https:\\\/\\\/www.markacantalar.com\\\/index.php\\\/2023\\\/09\\\/02\\\/louis-vuitton-cantalarinin-moda-dunyasindaki-yeri\\\/\",\"url\":\"https:\\\/\\\/www.markacantalar.com\\\/index.php\\\/2023\\\/09\\\/02\\\/louis-vuitton-cantalarinin-moda-dunyasindaki-yeri\\\/\",\"name\":\"Louis Vuitton \u00c7antalar\u0131n\u0131n Moda D\u00fcnyas\u0131ndaki Yeri - markacantalar.com\",\"isPartOf\":{\"@id\":\"https:\\\/\\\/www.markacantalar.com\\\/#website\"},\"datePublished\":\"2023-09-02T13:05:59+00:00\",\"dateModified\":\"2023-09-02T13:06:13+00:00\",\"author\":{\"@id\":\"https:\\\/\\\/www.markacantalar.com\\\/#\\\/schema\\\/person\\\/a017bfbdf73f004046019eece9fc6334\"},\"breadcrumb\":{\"@id\":\"https:\\\/\\\/www.markacantalar.com\\\/index.php\\\/2023\\\/09\\\/02\\\/louis-vuitton-cantalarinin-moda-dunyasindaki-yeri\\\/#breadcrumb\"},\"inLanguage\":\"tr\",\"potentialAction\":[{\"@type\":\"ReadAction\",\"target\":[\"https:\\\/\\\/www.markacantalar.com\\\/index.php\\\/2023\\\/09\\\/02\\\/louis-vuitton-cantalarinin-moda-dunyasindaki-yeri\\\/\"]}]},{\"@type\":\"BreadcrumbList\",\"@id\":\"https:\\\/\\\/www.markacantalar.com\\\/index.php\\\/2023\\\/09\\\/02\\\/louis-vuitton-cantalarinin-moda-dunyasindaki-yeri\\\/#breadcrumb\",\"itemListElement\":[{\"@type\":\"ListItem\",\"position\":1,\"name\":\"Anasayfa\",\"item\":\"https:\\\/\\\/www.markacantalar.com\\\/\"},{\"@type\":\"ListItem\",\"position\":2,\"name\":\"Louis Vuitton \u00c7antalar\u0131n\u0131n Moda D\u00fcnyas\u0131ndaki Yeri\"}]},{\"@type\":\"WebSite\",\"@id\":\"https:\\\/\\\/www.markacantalar.com\\\/#website\",\"url\":\"https:\\\/\\\/www.markacantalar.com\\\/\",\"name\":\"markacantalar.com\",\"description\":\"Orijinal ve Birebir Replika \u0130thal D\u00fcnya Markas\u0131 \u00c7anta C\u00fczdan Ayakkab\u0131 Terlik Valiz\",\"potentialAction\":[{\"@type\":\"SearchAction\",\"target\":{\"@type\":\"EntryPoint\",\"urlTemplate\":\"https:\\\/\\\/www.markacantalar.com\\\/?s={search_term_string}\"},\"query-input\":{\"@type\":\"PropertyValueSpecification\",\"valueRequired\":true,\"valueName\":\"search_term_string\"}}],\"inLanguage\":\"tr\"},{\"@type\":\"Person\",\"@id\":\"https:\\\/\\\/www.markacantalar.com\\\/#\\\/schema\\\/person\\\/a017bfbdf73f004046019eece9fc6334\",\"name\":\"usrMarCant\",\"image\":{\"@type\":\"ImageObject\",\"inLanguage\":\"tr\",\"@id\":\"https:\\\/\\\/secure.gravatar.com\\\/avatar\\\/7ab6667b3f7db731bc1d79f4fa8ef06cdb733f8332ecd50f068ee89762c485e3?s=96&d=mm&r=g\",\"url\":\"https:\\\/\\\/secure.gravatar.com\\\/avatar\\\/7ab6667b3f7db731bc1d79f4fa8ef06cdb733f8332ecd50f068ee89762c485e3?s=96&d=mm&r=g\",\"contentUrl\":\"https:\\\/\\\/secure.gravatar.com\\\/avatar\\\/7ab6667b3f7db731bc1d79f4fa8ef06cdb733f8332ecd50f068ee89762c485e3?s=96&d=mm&r=g\",\"caption\":\"usrMarCant\"},\"sameAs\":[\"https:\\\/\\\/www.markacantalar.com\"],\"url\":\"https:\\\/\\\/www.markacantalar.com\\\/index.php\\\/author\\\/usrmarcant\\\/\"}]}<\/script>\n<!-- \/ Yoast SEO plugin. -->","yoast_head_json":{"title":"Louis Vuitton \u00c7antalar\u0131n\u0131n Moda D\u00fcnyas\u0131ndaki Yeri - markacantalar.com","robots":{"index":"index","follow":"follow","max-snippet":"max-snippet:-1","max-image-preview":"max-image-preview:large","max-video-preview":"max-video-preview:-1"},"canonical":"https:\/\/www.markacantalar.com\/index.php\/2023\/09\/02\/louis-vuitton-cantalarinin-moda-dunyasindaki-yeri\/","og_locale":"tr_TR","og_type":"article","og_title":"Louis Vuitton \u00c7antalar\u0131n\u0131n Moda D\u00fcnyas\u0131ndaki Yeri - markacantalar.com","og_description":"Louis Vuitton, moda d\u00fcnyas\u0131n\u0131n \u00f6nde gelen l\u00fcks markalar\u0131ndan biri olarak kabul edilir ve markan\u0131n \u00e7antalar\u0131, \u015f\u0131kl\u0131k ve kalite a\u00e7\u0131s\u0131ndan rakipsizdir.","og_url":"https:\/\/www.markacantalar.com\/index.php\/2023\/09\/02\/louis-vuitton-cantalarinin-moda-dunyasindaki-yeri\/","og_site_name":"markacantalar.com","article_published_time":"2023-09-02T13:05:59+00:00","article_modified_time":"2023-09-02T13:06:13+00:00","author":"usrMarCant","twitter_card":"summary_large_image","twitter_misc":{"Yazan:":"usrMarCant","Tahmini okuma s\u00fcresi":"1 dakika"},"schema":{"@context":"https:\/\/schema.org","@graph":[{"@type":"Article","@id":"https:\/\/www.markacantalar.com\/index.php\/2023\/09\/02\/louis-vuitton-cantalarinin-moda-dunyasindaki-yeri\/#article","isPartOf":{"@id":"https:\/\/www.markacantalar.com\/index.php\/2023\/09\/02\/louis-vuitton-cantalarinin-moda-dunyasindaki-yeri\/"},"author":{"name":"usrMarCant","@id":"https:\/\/www.markacantalar.com\/#\/schema\/person\/a017bfbdf73f004046019eece9fc6334"},"headline":"Louis Vuitton \u00c7antalar\u0131n\u0131n Moda D\u00fcnyas\u0131ndaki Yeri","datePublished":"2023-09-02T13:05:59+00:00","dateModified":"2023-09-02T13:06:13+00:00","mainEntityOfPage":{"@id":"https:\/\/www.markacantalar.com\/index.php\/2023\/09\/02\/louis-vuitton-cantalarinin-moda-dunyasindaki-yeri\/"},"wordCount":302,"commentCount":0,"articleSection":["MARKA \u00c7ANTALAR"],"inLanguage":"tr","potentialAction":[{"@type":"CommentAction","name":"Comment","target":["https:\/\/www.markacantalar.com\/index.php\/2023\/09\/02\/louis-vuitton-cantalarinin-moda-dunyasindaki-yeri\/#respond"]}]},{"@type":"WebPage","@id":"https:\/\/www.markacantalar.com\/index.php\/2023\/09\/02\/louis-vuitton-cantalarinin-moda-dunyasindaki-yeri\/","url":"https:\/\/www.markacantalar.com\/index.php\/2023\/09\/02\/louis-vuitton-cantalarinin-moda-dunyasindaki-yeri\/","name":"Louis Vuitton \u00c7antalar\u0131n\u0131n Moda D\u00fcnyas\u0131ndaki Yeri - markacantalar.com","isPartOf":{"@id":"https:\/\/www.markacantalar.com\/#website"},"datePublished":"2023-09-02T13:05:59+00:00","dateModified":"2023-09-02T13:06:13+00:00","author":{"@id":"https:\/\/www.markacantalar.com\/#\/schema\/person\/a017bfbdf73f004046019eece9fc6334"},"breadcrumb":{"@id":"https:\/\/www.markacantalar.com\/index.php\/2023\/09\/02\/louis-vuitton-cantalarinin-moda-dunyasindaki-yeri\/#breadcrumb"},"inLanguage":"tr","potentialAction":[{"@type":"ReadAction","target":["https:\/\/www.markacantalar.com\/index.php\/2023\/09\/02\/louis-vuitton-cantalarinin-moda-dunyasindaki-yeri\/"]}]},{"@type":"BreadcrumbList","@id":"https:\/\/www.markacantalar.com\/index.php\/2023\/09\/02\/louis-vuitton-cantalarinin-moda-dunyasindaki-yeri\/#breadcrumb","itemListElement":[{"@type":"ListItem","position":1,"name":"Anasayfa","item":"https:\/\/www.markacantalar.com\/"},{"@type":"ListItem","position":2,"name":"Louis Vuitton \u00c7antalar\u0131n\u0131n Moda D\u00fcnyas\u0131ndaki Yeri"}]},{"@type":"WebSite","@id":"https:\/\/www.markacantalar.com\/#website","url":"https:\/\/www.markacantalar.com\/","name":"markacantalar.com","description":"Orijinal ve Birebir Replika \u0130thal D\u00fcnya Markas\u0131 \u00c7anta C\u00fczdan Ayakkab\u0131 Terlik Valiz","potentialAction":[{"@type":"SearchAction","target":{"@type":"EntryPoint","urlTemplate":"https:\/\/www.markacantalar.com\/?s={search_term_string}"},"query-input":{"@type":"PropertyValueSpecification","valueRequired":true,"valueName":"search_term_string"}}],"inLanguage":"tr"},{"@type":"Person","@id":"https:\/\/www.markacantalar.com\/#\/schema\/person\/a017bfbdf73f004046019eece9fc6334","name":"usrMarCant","image":{"@type":"ImageObject","inLanguage":"tr","@id":"https:\/\/secure.gravatar.com\/avatar\/7ab6667b3f7db731bc1d79f4fa8ef06cdb733f8332ecd50f068ee89762c485e3?s=96&d=mm&r=g","url":"https:\/\/secure.gravatar.com\/avatar\/7ab6667b3f7db731bc1d79f4fa8ef06cdb733f8332ecd50f068ee89762c485e3?s=96&d=mm&r=g","contentUrl":"https:\/\/secure.gravatar.com\/avatar\/7ab6667b3f7db731bc1d79f4fa8ef06cdb733f8332ecd50f068ee89762c485e3?s=96&d=mm&r=g","caption":"usrMarCant"},"sameAs":["https:\/\/www.markacantalar.com"],"url":"https:\/\/www.markacantalar.com\/index.php\/author\/usrmarcant\/"}]}},"_links":{"self":[{"href":"https:\/\/www.markacantalar.com\/index.php\/wp-json\/wp\/v2\/posts\/17633","targetHints":{"allow":["GET"]}}],"collection":[{"href":"https:\/\/www.markacantalar.com\/index.php\/wp-json\/wp\/v2\/posts"}],"about":[{"href":"https:\/\/www.markacantalar.com\/index.php\/wp-json\/wp\/v2\/types\/post"}],"author":[{"embeddable":true,"href":"https:\/\/www.markacantalar.com\/index.php\/wp-json\/wp\/v2\/users\/1"}],"replies":[{"embeddable":true,"href":"https:\/\/www.markacantalar.com\/index.php\/wp-json\/wp\/v2\/comments?post=17633"}],"version-history":[{"count":0,"href":"https:\/\/www.markacantalar.com\/index.php\/wp-json\/wp\/v2\/posts\/17633\/revisions"}],"wp:attachment":[{"href":"https:\/\/www.markacantalar.com\/index.php\/wp-json\/wp\/v2\/media?parent=17633"}],"wp:term":[{"taxonomy":"category","embeddable":true,"href":"https:\/\/www.markacantalar.com\/index.php\/wp-json\/wp\/v2\/categories?post=17633"},{"taxonomy":"post_tag","embeddable":true,"href":"https:\/\/www.markacantalar.com\/index.php\/wp-json\/wp\/v2\/tags?post=17633"}],"curies":[{"name":"wp","href":"https:\/\/api.w.org\/{rel}","templated":true}]}}